{"id":232081,"date":"2026-01-16T22:19:14","date_gmt":"2026-01-16T22:19:14","guid":{"rendered":"https:\/\/www.europesays.com\/pt\/232081\/"},"modified":"2026-01-16T22:19:14","modified_gmt":"2026-01-16T22:19:14","slug":"mulheres-de-guimaraes-prometem-apoio-a-catarina-apos-visita-do-candidato-mal-disposto-ao-mercado","status":"publish","type":"post","link":"https:\/\/www.europesays.com\/pt\/232081\/","title":{"rendered":"Mulheres de Guimar\u00e3es prometem apoio a Catarina (ap\u00f3s visita do candidato \u201cmal disposto\u201d ao mercado)"},"content":{"rendered":"<p>V\u00e1rias mulheres prometeram hoje, no mercado de Guimar\u00e3es, apoiar Catarina Martins nas elei\u00e7\u00f5es presidenciais de domingo, depois de terem recebido a visita de um outro candidato que parecia \u201cmal disposto\u201d.<\/p>\n<p>&#13;<br \/>\n&#13;<br \/>\n&#13;<\/p>\n<p>\u201cGostava de uma mulher a \u2018presidenta\u2019. Os homens n\u00e3o fazem nada, n\u00e3o sabem fazer nada\u201d, disse-lhe uma popular, que aproveitou a manh\u00e3 para fazer compras no Mercado Municipal de Guimar\u00e3es.<\/p>\n<p>Assim que se apercebeu que Catarina Martins tamb\u00e9m l\u00e1 estava, fez quest\u00e3o de a cumprimentar com um abra\u00e7o e desejar-lhe boa sorte para dia 18, confessando \u00e0 candidata que acha a vit\u00f3ria dif\u00edcil.<\/p>\n<p>\u201cMas que precis\u00e1vamos de uma mulher a Presidente, sem d\u00favida alguma\u201d, insistiu, acrescentando num sussurro aos ouvidos da candidata: \u201cPara mostrar aos homens quem \u00e9 que tem tomates\u201d.<\/p>\n<p>&#13;<br \/>\n&#13;<br \/>\n&#13;<\/p>\n<p>N\u00e3o foi a \u00fanica a prometer o voto \u00e0 \u00fanica mulher candidata a Bel\u00e9m e, durante a visita ao mercado, Catarina Martins recebeu o apoio de muitas outras mulheres.<\/p>\n<p>\u201cAinda ontem a vi na televis\u00e3o, toda despachada. E disse assim: \u201cEla vai a Guimar\u00e3es? Ent\u00e3o a gente vai l\u00e1\u201d, disse-lhe outra popular que prometeu votar em Catarina Martins no domingo.<\/p>\n<p>Outra senhora, por detr\u00e1s da banca, tamb\u00e9m tem visto a candidata na televis\u00e3o e gosta de a ouvir. Porqu\u00ea? \u201cPorque defende as mulheres\u201d, respondeu a um jornalista.<\/p>\n<p>Minutos antes de Catarina Martins, outro candidato tamb\u00e9m tinha passado por ali, sem que se tivessem chegado a cruzar, mas, pelo menos, na zona por onde a candidata apoiada pelo BE andou, n\u00e3o parece ter sido t\u00e3o bem recebido.<\/p>\n<p>\u201cNem veio \u00e0 nossa beira\u201d, queixou-se uma vendedora, que disse que o outro candidato parecia estar mal disposto. Era Jo\u00e3o Cotrim Figueiredo.<\/p>\n<p>\u201cVem de Lisboa, todo \u2018coiso\u2019, e nem vem aqui dar os bons dias? S\u00f3 foi ali pelos bonitos, aqui nada\u201d, disse outra vendedora ao lado, referindo-se \u00e0s bancas fixas do mercado.<\/p>\n","protected":false},"excerpt":{"rendered":"V\u00e1rias mulheres prometeram hoje, no mercado de Guimar\u00e3es, apoiar Catarina Martins nas elei\u00e7\u00f5es presidenciais de domingo, depois de&hellip;\n","protected":false},"author":2,"featured_media":232082,"comment_status":"","ping_status":"","sticky":false,"template":"","format":"standard","meta":{"footnotes":""},"categories":[10],"tags":[27,28,15,16,14,25,26,21,22,12,13,19,20,32,23,24,33,17,18,29,30,31],"class_list":{"0":"post-232081","1":"post","2":"type-post","3":"status-publish","4":"format-standard","5":"has-post-thumbnail","7":"category-portugal","8":"tag-breaking-news","9":"tag-breakingnews","10":"tag-featured-news","11":"tag-featurednews","12":"tag-headlines","13":"tag-latest-news","14":"tag-latestnews","15":"tag-main-news","16":"tag-mainnews","17":"tag-news","18":"tag-noticias","19":"tag-noticias-principais","20":"tag-noticiasprincipais","21":"tag-portugal","22":"tag-principais-noticias","23":"tag-principaisnoticias","24":"tag-pt","25":"tag-top-stories","26":"tag-topstories","27":"tag-ultimas","28":"tag-ultimas-noticias","29":"tag-ultimasnoticias"},"share_on_mastodon":{"url":"https:\/\/pubeurope.com\/@pt\/115907104855837052","error":""},"_links":{"self":[{"href":"https:\/\/www.europesays.com\/pt\/wp-json\/wp\/v2\/posts\/232081","targetHints":{"allow":["GET"]}}],"collection":[{"href":"https:\/\/www.europesays.com\/pt\/wp-json\/wp\/v2\/posts"}],"about":[{"href":"https:\/\/www.europesays.com\/pt\/wp-json\/wp\/v2\/types\/post"}],"author":[{"embeddable":true,"href":"https:\/\/www.europesays.com\/pt\/wp-json\/wp\/v2\/users\/2"}],"replies":[{"embeddable":true,"href":"https:\/\/www.europesays.com\/pt\/wp-json\/wp\/v2\/comments?post=232081"}],"version-history":[{"count":0,"href":"https:\/\/www.europesays.com\/pt\/wp-json\/wp\/v2\/posts\/232081\/revisions"}],"wp:featuredmedia":[{"embeddable":true,"href":"https:\/\/www.europesays.com\/pt\/wp-json\/wp\/v2\/media\/232082"}],"wp:attachment":[{"href":"https:\/\/www.europesays.com\/pt\/wp-json\/wp\/v2\/media?parent=232081"}],"wp:term":[{"taxonomy":"category","embeddable":true,"href":"https:\/\/www.europesays.com\/pt\/wp-json\/wp\/v2\/categories?post=232081"},{"taxonomy":"post_tag","embeddable":true,"href":"https:\/\/www.europesays.com\/pt\/wp-json\/wp\/v2\/tags?post=232081"}],"curies":[{"name":"wp","href":"https:\/\/api.w.org\/{rel}","templated":true}]}}