{"id":232141,"date":"2026-01-16T23:12:12","date_gmt":"2026-01-16T23:12:12","guid":{"rendered":"https:\/\/www.europesays.com\/pt\/232141\/"},"modified":"2026-01-16T23:12:12","modified_gmt":"2026-01-16T23:12:12","slug":"nuno-lopes-sera-julgado-com-juri-por-violacao-nos-eua","status":"publish","type":"post","link":"https:\/\/www.europesays.com\/pt\/232141\/","title":{"rendered":"Nuno Lopes ser\u00e1 julgado com j\u00fari por viola\u00e7\u00e3o nos EUA"},"content":{"rendered":"<p data-remotead-prev-elm=\"true\" data-remotead-elm-id=\"inread\">Segundo o &#8220;Observador&#8221;, a ju\u00edza considerou que, ao abrigo da lei do pa\u00eds, o caso deve ser decidido por um j\u00fari. A defesa reagiu afirmando que o ator &#8220;refuta as acusa\u00e7\u00f5es&#8221; e est\u00e1 confiante de que o j\u00fari &#8220;chegar\u00e1 \u00e0 mesma conclus\u00e3o&#8221;.<\/p>\n<p>Nuno Lopes poder\u00e1 apresentar uma mo\u00e7\u00e3o at\u00e9 ao dia 30, caso queira acrescentar novos elementos.<\/p>\n<p>A guionista, atriz e realizadora Anna Martemucci, conhecida como A.M Lukas, processou o ator portugu\u00eas em novembro, acusando-o de a &#8220;drogar e violar&#8221; a 28 de abril de 2006, depois de um evento que ter\u00e1 tido lugar no \u00e2mbito do festival de cinema norte-americano Tribeca.<\/p>\n<p data-remotead-prev-elm=\"true\" data-remotead-elm-id=\"centro1\">A mulher alega que, rec\u00e9m-sa\u00edda da faculdade, estava a participar na festa de estreia de uma amiga quando conheceu Nuno Lopes e que este lhe ter\u00e1 alterado a bebida. A atriz recorda que o corpo foi ficando estranhamente pesado e que ficou inconsciente, tendo sido levada para o apartamento de Nuno Lopes contra a sua vontade. Na acusa\u00e7\u00e3o, A.M Lukas refere que se lembra de acordar, perceber que tinha sido violada e de o ator lhe ter chamado um t\u00e1xi.<\/p>\n<p>Em comunicado, o ator nega todas as acusa\u00e7\u00f5es e revela que lhe foi proposto um acordo confidencial. &#8220;Sou moralmente e eticamente incapaz de cometer os atos de que me acusam. Jamais drogaria algu\u00e9m e jamais me aproveitaria de uma pessoa incapacitada, quer por excesso de \u00e1lcool ou por influ\u00eancia de quaisquer outras subst\u00e2ncias. Nem hoje nem h\u00e1 17 anos&#8221;, afirma.<\/p>\n<p>A.M Lukas detalha na acusa\u00e7\u00e3o o alegado abuso. Reportando-se \u00e0s &#8220;poucas e horr\u00edveis recorda\u00e7\u00f5es fragmentadas dessa noite e das primeiras horas da manh\u00e3&#8221;, A.M. Lukas relatou lembrar-se de Nuno Lopes lhe &#8220;segurar as pernas moles&#8221; e de a violar, detalhando as v\u00e1rias formas como o fez, enquanto ela entrava e sa\u00eda de estados de consci\u00eancia.<\/p>\n","protected":false},"excerpt":{"rendered":"Segundo o &#8220;Observador&#8221;, a ju\u00edza considerou que, ao abrigo da lei do pa\u00eds, o caso deve ser decidido&hellip;\n","protected":false},"author":2,"featured_media":232142,"comment_status":"","ping_status":"","sticky":false,"template":"","format":"standard","meta":{"footnotes":""},"categories":[85],"tags":[114,115,2378,32,33],"class_list":{"0":"post-232141","1":"post","2":"type-post","3":"status-publish","4":"format-standard","5":"has-post-thumbnail","7":"category-entretenimento","8":"tag-entertainment","9":"tag-entretenimento","10":"tag-nuno-lopes","11":"tag-portugal","12":"tag-pt"},"share_on_mastodon":{"url":"","error":""},"_links":{"self":[{"href":"https:\/\/www.europesays.com\/pt\/wp-json\/wp\/v2\/posts\/232141","targetHints":{"allow":["GET"]}}],"collection":[{"href":"https:\/\/www.europesays.com\/pt\/wp-json\/wp\/v2\/posts"}],"about":[{"href":"https:\/\/www.europesays.com\/pt\/wp-json\/wp\/v2\/types\/post"}],"author":[{"embeddable":true,"href":"https:\/\/www.europesays.com\/pt\/wp-json\/wp\/v2\/users\/2"}],"replies":[{"embeddable":true,"href":"https:\/\/www.europesays.com\/pt\/wp-json\/wp\/v2\/comments?post=232141"}],"version-history":[{"count":0,"href":"https:\/\/www.europesays.com\/pt\/wp-json\/wp\/v2\/posts\/232141\/revisions"}],"wp:featuredmedia":[{"embeddable":true,"href":"https:\/\/www.europesays.com\/pt\/wp-json\/wp\/v2\/media\/232142"}],"wp:attachment":[{"href":"https:\/\/www.europesays.com\/pt\/wp-json\/wp\/v2\/media?parent=232141"}],"wp:term":[{"taxonomy":"category","embeddable":true,"href":"https:\/\/www.europesays.com\/pt\/wp-json\/wp\/v2\/categories?post=232141"},{"taxonomy":"post_tag","embeddable":true,"href":"https:\/\/www.europesays.com\/pt\/wp-json\/wp\/v2\/tags?post=232141"}],"curies":[{"name":"wp","href":"https:\/\/api.w.org\/{rel}","templated":true}]}}