{"id":232151,"date":"2026-01-16T23:18:08","date_gmt":"2026-01-16T23:18:08","guid":{"rendered":"https:\/\/www.europesays.com\/pt\/232151\/"},"modified":"2026-01-16T23:18:08","modified_gmt":"2026-01-16T23:18:08","slug":"juju-do-pix-enfrenta-problema-em-cicatriz-apos-cirurgia-para-remover-oleo-mineral-do-rosto","status":"publish","type":"post","link":"https:\/\/www.europesays.com\/pt\/232151\/","title":{"rendered":"Juju do Pix enfrenta problema em cicatriz ap\u00f3s cirurgia para remover \u00f3leo mineral do rosto"},"content":{"rendered":"<p>\n                        Influenciadora precisar\u00e1 passar por nova interven\u00e7\u00e3o depois de complica\u00e7\u00e3o na recupera\u00e7\u00e3o\n                    <\/p>\n<ul class=\"article__header__author\">\n<li class=\"article__header__author__item\">\n                                                Por:<br \/>\n                                                                                    Juliana Gardesani \/ Contigo\n                                                                        <\/li>\n<\/ul>\n<p class=\"text\">A influenciadora<strong> Juju Oliveira<\/strong>, conhecida como<strong> Juju do Pix<\/strong>, revelou nesta sexta-feira (16) que apresentou complica\u00e7\u00f5es em uma de suas cicatrizes, quase dois meses ap\u00f3s a cirurgia para a retirada do \u00f3leo mineral que havia aplicado no rosto em 2017.<\/p>\n<p><img loading=\"lazy\" decoding=\"async\" alt=\"Juju do Pix (Reprodu\u00e7\u00e3o\/Instagram)\" class=\"img-0850ae36e2c36d1412570847f774dc4egrpkc2f6\" height=\"435\" src=\"https:\/\/www.europesays.com\/pt\/wp-content\/uploads\/2026\/01\/258567817-whatsapp-image-2026-01-16-at-164427.jpg\"  title=\"Juju do Pix (Reprodu\u00e7\u00e3o\/Instagram)\" width=\"774\"\/><\/p>\n<p>Juju do Pix (Reprodu\u00e7\u00e3o\/Instagram)<\/p>\n<p>Foto: Contigo<\/p>\n<p class=\"text\">Juju, que mora em Passo Fundo, no Rio Grande do Sul, precisar\u00e1 retornar a S\u00e3o Paulo para uma consulta de emerg\u00eancia.<\/p>\n<p class=\"text\">&#8220;Eu tive uma abertura de ponto no rosto. Infelizmente, por conta das drenagens, o ponto acabou abrindo, n\u00e3o se cicatrizou. S\u00f3 costurando de novo&#8221;, contou ela em v\u00eddeo divulgado pelo cirurgi\u00e3o respons\u00e1vel,<strong> Thiago Marra<\/strong>.<\/p>\n<p class=\"text\">A influenciadora vinha apresentando boa recupera\u00e7\u00e3o, com melhora na abertura bucal e redu\u00e7\u00e3o da papada. A cirurgia foi realizada em 20 de novembro, no Hospital Indian\u00f3polis, em S\u00e3o Paulo. Ap\u00f3s a alta, Juju voltou para sua cidade e segue sendo acompanhada pelo m\u00e9dico.<\/p>\n<p class=\"text\">&#8220;A gente j\u00e1 est\u00e1 programando uma pr\u00f3xima retirada, uma segunda etapa. Ela ainda tem uma regi\u00e3o da papada que estava muito comprometida, que n\u00e3o deu para tirar tudo de uma vez. E ela j\u00e1 tinha uma assimetria muito grande de um lado do rosto em rela\u00e7\u00e3o ao outro. J\u00e1 amenizamos bastante, mas ainda h\u00e1 um pouco de diferen\u00e7a. Estamos planejando uma nova cirurgia para daqui a tr\u00eas a seis meses, para retirar mais produto&#8221;, explicou Marra.<\/p>\n<p>Complexidade do procedimento<\/p>\n<p class=\"text\">Em v\u00eddeos postados nas redes sociais, o cirurgi\u00e3o mostrou a complexidade do procedimento e fragmentos endurecidos do \u00f3leo mineral removido.<\/p>\n<p class=\"text\">&#8220;Foi uma cirurgia muito dif\u00edcil, e a gente n\u00e3o podia fazer nada muito agressivo nesse primeiro momento. Na resson\u00e2ncia, j\u00e1 mostrava que o \u00f3leo mineral no rosto dela estava duro e enrijecido. A gente teve que afinar a pele o m\u00e1ximo poss\u00edvel, porque, se tirar mais, corre o s\u00e9rio risco de ter necrose. Tivemos que fazer com bastante cautela&#8221;, detalhou.<\/p>\n<p class=\"text\">Marra ressaltou a imprevisibilidade do material durante a cirurgia:<\/p>\n<p class=\"text\">&#8220;A gente n\u00e3o sabia o que tinha ali dentro. Era uma surpresa para gente. N\u00e3o sab\u00edamos se estava no meio do m\u00fasculo, pr\u00f3ximo de nervo ou de vaso sangu\u00edneo. Descolamos toda a estrutura, fizemos todo o descolamento do tecido, de forma muito cuidadosa, usando cauteriza\u00e7\u00e3o. Fizemos a cirurgia com anestesia local. \u00c9 uma cirurgia de alta complexidade. O rosto dela ainda est\u00e1 muito inchado, mas j\u00e1 ter\u00e1 uma melhora significativa, embora o resultado geral s\u00f3 deva aparecer entre 6 meses e um ano&#8221;.<\/p>\n<blockquote class=\"instagram-media\" data-instgrm-captioned=\"\" data-instgrm-permalink=\"https:\/\/www.instagram.com\/reel\/DRxBqpujvd6\/?utm_source=ig_embed&amp;utm_campaign=loading\" data-instgrm-version=\"14\" style=\"background: #FFF; border: 0; border-radius: 3px; box-shadow: 0 0 1px 0 rgba(0,0,0,0.5),0 1px 10px 0 rgba(0,0,0,0.15); margin: 1px; max-width: 540px; min-width: 326px; padding: 0; width: calc(100% - 2px);\">\n<p>     Ver essa foto no Instagram <\/p>\n<p class=\"text\" style=\"color: #c9c8cd; font-family: Arial,sans-serif; font-size: 14px; line-height: 17px; margin-bottom: 0; margin-top: 8px; overflow: hidden; padding: 8px 0 7px; text-align: center; text-overflow: ellipsis; white-space: nowrap;\"><a href=\"https:\/\/www.instagram.com\/reel\/DRxBqpujvd6\/?utm_source=ig_embed&amp;utm_campaign=loading\" rel=\"noopener nofollow\" style=\"color: #c9c8cd; font-family: Arial,sans-serif; font-size: 14px; font-style: normal; font-weight: normal; line-height: 17px; text-decoration: none;\" target=\"_blank\">Um post compartilhado por juju do pix (@oliveirajuju35)<\/a><\/p>\n<\/blockquote>\n<p>                            <script async src=\"\/\/www.instagram.com\/embed.js\"><\/script><\/p>\n","protected":false},"excerpt":{"rendered":"Influenciadora precisar\u00e1 passar por nova interven\u00e7\u00e3o depois de complica\u00e7\u00e3o na recupera\u00e7\u00e3o Por: Juliana Gardesani \/ Contigo A influenciadora&hellip;\n","protected":false},"author":2,"featured_media":232152,"comment_status":"","ping_status":"","sticky":false,"template":"","format":"standard","meta":{"footnotes":""},"categories":[145],"tags":[211,210,114,115,32,33],"class_list":{"0":"post-232151","1":"post","2":"type-post","3":"status-publish","4":"format-standard","5":"has-post-thumbnail","7":"category-celebridades","8":"tag-celebridades","9":"tag-celebrities","10":"tag-entertainment","11":"tag-entretenimento","12":"tag-portugal","13":"tag-pt"},"share_on_mastodon":{"url":"https:\/\/pubeurope.com\/@pt\/115907336797582287","error":""},"_links":{"self":[{"href":"https:\/\/www.europesays.com\/pt\/wp-json\/wp\/v2\/posts\/232151","targetHints":{"allow":["GET"]}}],"collection":[{"href":"https:\/\/www.europesays.com\/pt\/wp-json\/wp\/v2\/posts"}],"about":[{"href":"https:\/\/www.europesays.com\/pt\/wp-json\/wp\/v2\/types\/post"}],"author":[{"embeddable":true,"href":"https:\/\/www.europesays.com\/pt\/wp-json\/wp\/v2\/users\/2"}],"replies":[{"embeddable":true,"href":"https:\/\/www.europesays.com\/pt\/wp-json\/wp\/v2\/comments?post=232151"}],"version-history":[{"count":0,"href":"https:\/\/www.europesays.com\/pt\/wp-json\/wp\/v2\/posts\/232151\/revisions"}],"wp:featuredmedia":[{"embeddable":true,"href":"https:\/\/www.europesays.com\/pt\/wp-json\/wp\/v2\/media\/232152"}],"wp:attachment":[{"href":"https:\/\/www.europesays.com\/pt\/wp-json\/wp\/v2\/media?parent=232151"}],"wp:term":[{"taxonomy":"category","embeddable":true,"href":"https:\/\/www.europesays.com\/pt\/wp-json\/wp\/v2\/categories?post=232151"},{"taxonomy":"post_tag","embeddable":true,"href":"https:\/\/www.europesays.com\/pt\/wp-json\/wp\/v2\/tags?post=232151"}],"curies":[{"name":"wp","href":"https:\/\/api.w.org\/{rel}","templated":true}]}}