{"id":232209,"date":"2026-01-17T00:08:13","date_gmt":"2026-01-17T00:08:13","guid":{"rendered":"https:\/\/www.europesays.com\/pt\/232209\/"},"modified":"2026-01-17T00:08:13","modified_gmt":"2026-01-17T00:08:13","slug":"estas-solteiro-pedro-granger-responde-sem-rodeios","status":"publish","type":"post","link":"https:\/\/www.europesays.com\/pt\/232209\/","title":{"rendered":"&#8220;Est\u00e1s solteiro?&#8221;: Pedro Granger responde, sem rodeios!"},"content":{"rendered":"<p><a href=\"https:\/\/selfie.iol.pt\/famosos\/fernanda-serrano\/pedro-granger-beija-conhecida-atriz-na-boca-com-quem-tive-a-minha-primeira-cena-mais-picante\/20261231\/69550758d34e2bd5c6d5aedc\" target=\"_blank\" rel=\"nofollow noopener\">Pedro Granger<\/a> foi um dos convidados do programa &#8220;Dois \u00e0s 10&#8221;, da manh\u00e3 de quinta-feira, dia 15, onde esteve \u00e0 conversa com Cl\u00e1udio Ramos a fazer o balan\u00e7o de mais de 25 anos de carreira.<\/p>\n<p>O ator e jurado do &#8220;Funt\u00e1stico&#8221; acabou a ser questionado acerca da\u00a0vida sentimental. &#8220;N\u00e3o h\u00e1 assim tanto para dizer&#8221;, come\u00e7ou por responder, em tom descontra\u00eddo.<\/p>\n<p>Cl\u00e1udio Ramos quis ent\u00e3o saber se o ator \u00e9 uma pessoa dif\u00edcil de amar. &#8220;Isso tens de perguntar a quem j\u00e1 esteve comigo&#8221;, atirou, com humor, Pedro Granger, antes de acrescentar: &#8220;Apaixonar-se por mim at\u00e9 pode ser complicado, eu sou um bocado insuport\u00e1vel\u2026 estou a brincar. Ou talvez n\u00e3o.&#8221;<\/p>\n<p>&#8220;H\u00e1 caracter\u00edsticas que levamos connosco para sempre, outras que podemos &#8211; e devemos &#8211; melhorar. O &#8216;eu sou assim&#8217; n\u00e3o chega. Somos assim, mas tamb\u00e9m temos de evoluir&#8221;, refletiu, ainda Pedro Granger, que foi ent\u00e3o diretamente questionado: &#8220;Est\u00e1s solteiro ou tens algu\u00e9m?&#8221;.<\/p>\n<p>O ator acabaria por revelar: &#8220;Estou solteiro.&#8221;<\/p>\n<p>Veja, agora, o v\u00eddeo com a conversa de <a href=\"https:\/\/selfie.iol.pt\/famosos\/lego\/pedro-granger-com-companhia-especial-o-nelson-e-eu\/20260104\/695a488ad34e2bd5c6d5cb5d\" target=\"_blank\" rel=\"nofollow noopener\">Pedro Granger<\/a> com Cl\u00e1udio Ramos, no programa &#8220;Dois \u00e0s 10&#8221;.<\/p>\n<p>\u00a0<\/p>\n<p>\u00a0<\/p>\n","protected":false},"excerpt":{"rendered":"Pedro Granger foi um dos convidados do programa &#8220;Dois \u00e0s 10&#8221;, da manh\u00e3 de quinta-feira, dia 15, onde&hellip;\n","protected":false},"author":2,"featured_media":232210,"comment_status":"","ping_status":"","sticky":false,"template":"","format":"standard","meta":{"footnotes":""},"categories":[85],"tags":[1244,329,801,114,115,980,619,31995,32,33,1012,8606,162],"class_list":{"0":"post-232209","1":"post","2":"type-post","3":"status-publish","4":"format-standard","5":"has-post-thumbnail","7":"category-entretenimento","8":"tag-ator","9":"tag-claudio-ramos","10":"tag-dois-as-10","11":"tag-entertainment","12":"tag-entretenimento","13":"tag-famosos","14":"tag-nacional","15":"tag-pedro-granger","16":"tag-portugal","17":"tag-pt","18":"tag-selfie","19":"tag-solteiro","20":"tag-tvi"},"share_on_mastodon":{"url":"","error":""},"_links":{"self":[{"href":"https:\/\/www.europesays.com\/pt\/wp-json\/wp\/v2\/posts\/232209","targetHints":{"allow":["GET"]}}],"collection":[{"href":"https:\/\/www.europesays.com\/pt\/wp-json\/wp\/v2\/posts"}],"about":[{"href":"https:\/\/www.europesays.com\/pt\/wp-json\/wp\/v2\/types\/post"}],"author":[{"embeddable":true,"href":"https:\/\/www.europesays.com\/pt\/wp-json\/wp\/v2\/users\/2"}],"replies":[{"embeddable":true,"href":"https:\/\/www.europesays.com\/pt\/wp-json\/wp\/v2\/comments?post=232209"}],"version-history":[{"count":0,"href":"https:\/\/www.europesays.com\/pt\/wp-json\/wp\/v2\/posts\/232209\/revisions"}],"wp:featuredmedia":[{"embeddable":true,"href":"https:\/\/www.europesays.com\/pt\/wp-json\/wp\/v2\/media\/232210"}],"wp:attachment":[{"href":"https:\/\/www.europesays.com\/pt\/wp-json\/wp\/v2\/media?parent=232209"}],"wp:term":[{"taxonomy":"category","embeddable":true,"href":"https:\/\/www.europesays.com\/pt\/wp-json\/wp\/v2\/categories?post=232209"},{"taxonomy":"post_tag","embeddable":true,"href":"https:\/\/www.europesays.com\/pt\/wp-json\/wp\/v2\/tags?post=232209"}],"curies":[{"name":"wp","href":"https:\/\/api.w.org\/{rel}","templated":true}]}}