{"id":232213,"date":"2026-01-17T00:12:08","date_gmt":"2026-01-17T00:12:08","guid":{"rendered":"https:\/\/www.europesays.com\/pt\/232213\/"},"modified":"2026-01-17T00:12:08","modified_gmt":"2026-01-17T00:12:08","slug":"andre-ventura-usa-desinformacao-como-arma-politica-afirma-investigador","status":"publish","type":"post","link":"https:\/\/www.europesays.com\/pt\/232213\/","title":{"rendered":"Andr\u00e9 Ventura usa desinforma\u00e7\u00e3o como &#8220;arma pol\u00edtica&#8221;, afirma investigador"},"content":{"rendered":"<p>        \u201cAndr\u00e9 Ventura percebeu que a desinforma\u00e7\u00e3o em si \u00e9 uma estrat\u00e9gia pol\u00edtica\u201d, afirmou \u00e0 Lusa Branco Di F\u00e1tima, explicando que tanto Andr\u00e9 Ventura como o Chega, o partido que lidera e que apoia nas presidenciais de domingo, usam conscientemente esta estrat\u00e9gia.    <\/p>\n<p>O l\u00edder do Chega, Andr\u00e9 Ventura, ladeado por Rita Matias (D), fala aos jornalistas durante a manifesta\u00e7\u00e3o nacional de imigrantes organizada pela Associa\u00e7\u00e3o Solidariedade Imigrante e pelo coletivo de imigrantes que organizou o \u00faltimo protesto frente ao Centro de Instala\u00e7\u00e3o Tempor\u00e1ria, no Porto, para reivindicar o direito a documentos e ao reagrupamento familiar, a liberta\u00e7\u00e3o dos imigrantes detidos em \u201ccentros de instala\u00e7\u00e3o\u201d sem terem cometido qualquer crime, e respeito, dignidade e justi\u00e7a, frente \u00e0 Assembleia da Rep\u00fablica, em Lisboa, 17 de setembro de 2025. A manifesta\u00e7\u00e3o decorre no dia em que s\u00e3o retomados os debates na Assembleia da Rep\u00fablica sobre as leis da imigra\u00e7\u00e3o e da nacionalidade. MANUEL DE ALMEIDA\/LUSA<\/p>\n<p>O investigador Branco Di F\u00e1tima, um dos respons\u00e1veis por um estudo sobre desinforma\u00e7\u00e3o na campanha presidencial, afirma que Andr\u00e9 Ventura, do Chega, utiliza as \u2018fake news\u2019 para criar caos, desordem e manipular o eleitorado.<\/p>\n<p class=\"text-paragraph\">\u201cAndr\u00e9 Ventura percebeu que a desinforma\u00e7\u00e3o em si \u00e9 uma estrat\u00e9gia pol\u00edtica\u201d, afirmou \u00e0 Lusa Branco Di F\u00e1tima, explicando que tanto Andr\u00e9 Ventura como o Chega, o partido que lidera e que apoia nas presidenciais de domingo, usam conscientemente esta estrat\u00e9gia.<\/p>\n<p class=\"text-paragraph\">A desinforma\u00e7\u00e3o disseminada pelo presidente do Chega n\u00e3o decorre de erros de publica\u00e7\u00e3o, pois Andr\u00e9 Ventura \u201cusa a desinforma\u00e7\u00e3o como uma arma pol\u00edtica para criar caos e desordem desinformativos na sociedade e, assim, manipular o eleitorado\u201d.<\/p>\n<p class=\"text-paragraph\">Branco Di F\u00e1tima explicou como \u00e9 usada a estrat\u00e9gia: usar um tema extremamente complexo, com um hist\u00f3rico de desgaste, tornando-o um tema emocional para encontrar um inimigo que tem de ser combatido.<\/p>\n<p class=\"text-paragraph\">At\u00e9 13 de janeiro, Andr\u00e9 Ventura tinha sido respons\u00e1vel por 85,7% dos casos de desinforma\u00e7\u00e3o detetados pela monitoriza\u00e7\u00e3o do LabCom \u2013 Laborat\u00f3rio de Comunica\u00e7\u00e3o da Universidade da Beira Interior (UBI), ao qual pretende Branco Di F\u00e1tima.<\/p>\n<p class=\"text-paragraph\">Um dos casos com maior repercuss\u00e3o foi a partilha pelo candidato a Bel\u00e9m logo no dia 01 de janeiro, de um v\u00eddeo do jornal espanhol OK Di\u00e1rio, que mostra um inc\u00eandio na Igreja de Vondelkerk, em Amesterd\u00e3o, na noite de Ano Novo, associando-lhe a legenda \u201cislamiza\u00e7\u00e3o da Europa\u201d.<\/p>\n<p class=\"text-paragraph\">\u201cNo v\u00eddeo original \u00e9 avan\u00e7ada a alega\u00e7\u00e3o de que o fogo teria come\u00e7ado ap\u00f3s \u2018v\u00e1rios imigrantes lan\u00e7arem fogos de artif\u00edcio\u2019 sobre o edif\u00edcio (que deixou de acolher cerim\u00f3nias religiosas em 1977 e funcionava como centro cultural)\u201d, mas Ventura junta, \u00e0 publica\u00e7\u00e3o, a express\u00e3o \u201cislamiza\u00e7\u00e3o da Europa\u201d, l\u00ea-se no relat\u00f3rio dos investigadores.<\/p>\n<p class=\"text-paragraph\">Esta publica\u00e7\u00e3o alcan\u00e7ou 1.028.534 de visualiza\u00e7\u00f5es, 40.250 coment\u00e1rios, 6.197 coment\u00e1rios, 3.487 partilhas e um alcance de 436.167 (n\u00famero estimado de utilizadores \u00fanicos que viram o conte\u00fado pelo menos uma vez).<\/p>\n<p class=\"text-paragraph\">Neste sentido, Branco Di F\u00e1tima afirmou que \u201cas grandes empresas de tecnologia propriet\u00e1rias das redes sociais t\u00eam falhado no combate da desinforma\u00e7\u00e3o\u201d, pois esta al\u00e9m de moldar a forma como as pessoas pensam, tamb\u00e9m \u00e9 um \u201cecossistema econ\u00f3mico\u201d.<\/p>\n<p class=\"text-paragraph\">\u201cQuando os indiv\u00edduos veem uma not\u00edcia de desinforma\u00e7\u00e3o, muitas vezes com alta carga emocional, tendem a permanecer mais tempo nas plataformas e ao permanecer mais tempo conectados aos seus perfis, criam mais valor agregado \u00e0quela visualiza\u00e7\u00e3o. O que as plataformas, no fundo, vendem \u00e9 a aten\u00e7\u00e3o dos utilizadores com perfis na plataforma\u201d, rematou o investigador.<\/p>\n<p class=\"text-paragraph\">As elei\u00e7\u00f5es presidenciais, disputadas por n\u00famero recorde de candidatos (11), est\u00e3o marcadas para domingo.<\/p>\n","protected":false},"excerpt":{"rendered":"\u201cAndr\u00e9 Ventura percebeu que a desinforma\u00e7\u00e3o em si \u00e9 uma estrat\u00e9gia pol\u00edtica\u201d, afirmou \u00e0 Lusa Branco Di F\u00e1tima,&hellip;\n","protected":false},"author":2,"featured_media":232214,"comment_status":"","ping_status":"","sticky":false,"template":"","format":"standard","meta":{"footnotes":""},"categories":[10],"tags":[1753,1706,27,28,107,604,28728,476,1705,15,16,301,14,549,1173,25,26,3805,21,22,715,851,12,13,19,20,4532,1708,52,32,23,24,33,58,218,17,18,29,30,31],"class_list":{"0":"post-232213","1":"post","2":"type-post","3":"status-publish","4":"format-standard","5":"has-post-thumbnail","7":"category-portugal","8":"tag-artes","9":"tag-autoridades-locais","10":"tag-breaking-news","11":"tag-breakingnews","12":"tag-ciencia-e-tecnologia","13":"tag-crime","14":"tag-cultura-e-entretenimento","15":"tag-economia","16":"tag-eleicoes-presidenciais","17":"tag-featured-news","18":"tag-featurednews","19":"tag-governo","20":"tag-headlines","21":"tag-internet","22":"tag-investigacao","23":"tag-latest-news","24":"tag-latestnews","25":"tag-lei-e-justica","26":"tag-main-news","27":"tag-mainnews","28":"tag-media","29":"tag-negocios-e-financas","30":"tag-news","31":"tag-noticias","32":"tag-noticias-principais","33":"tag-noticiasprincipais","34":"tag-parlamento","35":"tag-partidos-e-movimentos","36":"tag-politica","37":"tag-portugal","38":"tag-principais-noticias","39":"tag-principaisnoticias","40":"tag-pt","41":"tag-sociedade","42":"tag-televisao","43":"tag-top-stories","44":"tag-topstories","45":"tag-ultimas","46":"tag-ultimas-noticias","47":"tag-ultimasnoticias"},"share_on_mastodon":{"url":"","error":"Validation failed: Text character limit of 500 exceeded"},"_links":{"self":[{"href":"https:\/\/www.europesays.com\/pt\/wp-json\/wp\/v2\/posts\/232213","targetHints":{"allow":["GET"]}}],"collection":[{"href":"https:\/\/www.europesays.com\/pt\/wp-json\/wp\/v2\/posts"}],"about":[{"href":"https:\/\/www.europesays.com\/pt\/wp-json\/wp\/v2\/types\/post"}],"author":[{"embeddable":true,"href":"https:\/\/www.europesays.com\/pt\/wp-json\/wp\/v2\/users\/2"}],"replies":[{"embeddable":true,"href":"https:\/\/www.europesays.com\/pt\/wp-json\/wp\/v2\/comments?post=232213"}],"version-history":[{"count":0,"href":"https:\/\/www.europesays.com\/pt\/wp-json\/wp\/v2\/posts\/232213\/revisions"}],"wp:featuredmedia":[{"embeddable":true,"href":"https:\/\/www.europesays.com\/pt\/wp-json\/wp\/v2\/media\/232214"}],"wp:attachment":[{"href":"https:\/\/www.europesays.com\/pt\/wp-json\/wp\/v2\/media?parent=232213"}],"wp:term":[{"taxonomy":"category","embeddable":true,"href":"https:\/\/www.europesays.com\/pt\/wp-json\/wp\/v2\/categories?post=232213"},{"taxonomy":"post_tag","embeddable":true,"href":"https:\/\/www.europesays.com\/pt\/wp-json\/wp\/v2\/tags?post=232213"}],"curies":[{"name":"wp","href":"https:\/\/api.w.org\/{rel}","templated":true}]}}