{"id":232221,"date":"2026-01-17T00:20:22","date_gmt":"2026-01-17T00:20:22","guid":{"rendered":"https:\/\/www.europesays.com\/pt\/232221\/"},"modified":"2026-01-17T00:20:22","modified_gmt":"2026-01-17T00:20:22","slug":"sp-braga-negoceia-demir-tiknaz-ex-rio-ave-recebemos-uma-proposta","status":"publish","type":"post","link":"https:\/\/www.europesays.com\/pt\/232221\/","title":{"rendered":"Sp. Braga negoceia Demir Tiknaz, ex-Rio Ave: \u00abRecebemos uma proposta\u00bb"},"content":{"rendered":"<p>Na mesma confer\u00eancia de imprensa em que <strong><a href=\"https:\/\/maisfutebol.iol.pt\/benfica\/rafa-silva\/presidente-do-besiktas-confirma-proposta-do-benfica-por-rafa-silva\" rel=\"nofollow noopener\" target=\"_blank\">anunciou uma abordagem do Benfica por Rafa Silva<\/a><\/strong>, o presidente do Besiktas admitiu que o jovem m\u00e9dio Demir Ege Tiknaz recebeu uma proposta que est\u00e1 a ser considerada pelo clube turco.<\/p>\n<p>\u00abDemir Ege recebeu uma proposta e estamos em negocia\u00e7\u00f5es com o clube que a fez. Ele tamb\u00e9m quer sair\u00bb, disse Serdar Adali aos meios de comunica\u00e7\u00e3o locais.<\/p>\n<p>Ap\u00f3s relatos na imprensa turca de que o Sp. Braga enviou uma proposta na ordem dos seis milh\u00f5es de euros, o <strong>Maisfutebol <\/strong>confirma que existem negocia\u00e7\u00f5es entre os dois clubes. Contudo, os valores s\u00e3o ainda incertos.<\/p>\n<p>Recorde-se que Tiknaz destacou-se ao servi\u00e7o do Rio Ave na \u00faltima temporada por empr\u00e9stimo do Besiktas. <strong><a href=\"https:\/\/maisfutebol.iol.pt\/transferencias\/rio-ave\/rio-ave-nao-acionou-opcao-de-compra-de-demir-tiknaz-do-besiktas\" rel=\"nofollow noopener\" target=\"_blank\">O clube vilacondense tinha uma op\u00e7\u00e3o de compra de cinco milh\u00f5es de euros<\/a>,<\/strong> mas n\u00e3o estava preparado para pagar esse valor.<\/p>\n<p>Demir Tiknaz tem contrato com o Besiktas at\u00e9 2028, tendo atuado em 16 ocasi\u00f5es nesta primeira metade de temporada, muitas vezes como suplente.<\/p>\n","protected":false},"excerpt":{"rendered":"Na mesma confer\u00eancia de imprensa em que anunciou uma abordagem do Benfica por Rafa Silva, o presidente do&hellip;\n","protected":false},"author":2,"featured_media":232222,"comment_status":"","ping_status":"","sticky":false,"template":"","format":"standard","meta":{"footnotes":""},"categories":[87],"tags":[437,41598,135,46,42,32,33,47,21749,9819,1233,134,35],"class_list":{"0":"post-232221","1":"post","2":"type-post","3":"status-publish","4":"format-standard","5":"has-post-thumbnail","7":"category-desporto","8":"tag-besiktas","9":"tag-demir-tiknaz","10":"tag-desporto","11":"tag-maisfutebol","12":"tag-mercado","13":"tag-portugal","14":"tag-pt","15":"tag-pura-paixao","16":"tag-rafa-silva","17":"tag-rio-ave","18":"tag-sp-braga","19":"tag-sports","20":"tag-transferencias"},"share_on_mastodon":{"url":"https:\/\/pubeurope.com\/@pt\/115907580617294334","error":""},"_links":{"self":[{"href":"https:\/\/www.europesays.com\/pt\/wp-json\/wp\/v2\/posts\/232221","targetHints":{"allow":["GET"]}}],"collection":[{"href":"https:\/\/www.europesays.com\/pt\/wp-json\/wp\/v2\/posts"}],"about":[{"href":"https:\/\/www.europesays.com\/pt\/wp-json\/wp\/v2\/types\/post"}],"author":[{"embeddable":true,"href":"https:\/\/www.europesays.com\/pt\/wp-json\/wp\/v2\/users\/2"}],"replies":[{"embeddable":true,"href":"https:\/\/www.europesays.com\/pt\/wp-json\/wp\/v2\/comments?post=232221"}],"version-history":[{"count":0,"href":"https:\/\/www.europesays.com\/pt\/wp-json\/wp\/v2\/posts\/232221\/revisions"}],"wp:featuredmedia":[{"embeddable":true,"href":"https:\/\/www.europesays.com\/pt\/wp-json\/wp\/v2\/media\/232222"}],"wp:attachment":[{"href":"https:\/\/www.europesays.com\/pt\/wp-json\/wp\/v2\/media?parent=232221"}],"wp:term":[{"taxonomy":"category","embeddable":true,"href":"https:\/\/www.europesays.com\/pt\/wp-json\/wp\/v2\/categories?post=232221"},{"taxonomy":"post_tag","embeddable":true,"href":"https:\/\/www.europesays.com\/pt\/wp-json\/wp\/v2\/tags?post=232221"}],"curies":[{"name":"wp","href":"https:\/\/api.w.org\/{rel}","templated":true}]}}