{"id":232244,"date":"2026-01-17T00:43:11","date_gmt":"2026-01-17T00:43:11","guid":{"rendered":"https:\/\/www.europesays.com\/pt\/232244\/"},"modified":"2026-01-17T00:43:11","modified_gmt":"2026-01-17T00:43:11","slug":"eua-nuno-lopes-vai-a-julgamento-com-juri-por-violacao-atualidade","status":"publish","type":"post","link":"https:\/\/www.europesays.com\/pt\/232244\/","title":{"rendered":"EUA: Nuno Lopes vai a julgamento com j\u00fari por viola\u00e7\u00e3o &#8211; Atualidade"},"content":{"rendered":"<p class=\"p1\"><b>Acompanhe toda a atualidade informativa em\u00a0<\/b><a href=\"http:\/\/24noticias.sapo.pt\" rel=\"nofollow noopener\" target=\"_blank\"><b>24noticias.sapo.pt<\/b><\/a><\/p>\n<p>Agora, a justi\u00e7a norte-americana recusou o pedido de Nuno Lopes para ser julgado por via sum\u00e1ria. Em comunicado, o ator nega todas as acusa\u00e7\u00f5es e revela que lhe foi proposto um acordo confidencial.<\/p>\n<p>&#8220;Sou moralmente e eticamente incapaz de cometer os atos de que me acusam. Jamais drogaria algu\u00e9m e jamais me aproveitaria de uma pessoa incapacitada, quer por excesso de \u00e1lcool ou por influ\u00eancia de quaisquer outras subst\u00e2ncias. Nem hoje nem h\u00e1 17 anos&#8221;, afirma.<\/p>\n<p>A mulher alega que, rec\u00e9m-sa\u00edda da faculdade, estava a participar na festa de estreia de uma amiga quando conheceu Nuno Lopes e que este lhe ter\u00e1 alterado a bebida. A atriz recorda que o corpo foi ficando estranhamente pesado e que ficou inconsciente, tendo sido levada para o apartamento de Nuno Lopes contra a sua vontade. Na acusa\u00e7\u00e3o, A.M Lukas refere que se lembra de acordar, perceber que tinha sido violada e de o ator lhe ter chamado um t\u00e1xi.<\/p>\n<p>A.M Lukas detalha na acusa\u00e7\u00e3o o alegado abuso. Reportando-se \u00e0s &#8220;poucas e horr\u00edveis recorda\u00e7\u00f5es fragmentadas dessa noite e das primeiras horas da manh\u00e3&#8221;, A.M. Lukas relatou lembrar-se de Nuno Lopes lhe &#8220;segurar as pernas moles&#8221; e de a violar, detalhando as v\u00e1rias formas como o fez, enquanto ela entrava e sa\u00eda de estados de consci\u00eancia.<\/p>\n<p class=\"p1\">__<\/p>\n<p class=\"p1\"><b>A sua newsletter de sempre, agora ainda mais \u00fatil<\/b><\/p>\n<p class=\"p1\">Com o lan\u00e7amento da nova marca de informa\u00e7\u00e3o\u00a0<b>24not\u00edcias<\/b>, estamos a mudar a plataforma de newsletters, aproveitando para refor\u00e7ar a informa\u00e7\u00e3o que os leitores mais valorizam:\u00a0<b>a que lhes \u00e9 \u00fatil, ajuda a tomar decis\u00f5es e a entender o mundo.<\/b><\/p>\n<p class=\"p1\"><b>Assine a nova newsletter do 24not\u00edcias\u00a0<\/b><a href=\"https:\/\/sapo.us1.list-manage.com\/subscribe?u=8f49263740b14ab5854be8045&amp;id=57a39c5e8f\" rel=\"nofollow noopener\" target=\"_blank\"><b>aqui<\/b><\/a><b>.<\/b><\/p>\n","protected":false},"excerpt":{"rendered":"Acompanhe toda a atualidade informativa em\u00a024noticias.sapo.pt Agora, a justi\u00e7a norte-americana recusou o pedido de Nuno Lopes para ser&hellip;\n","protected":false},"author":2,"featured_media":232245,"comment_status":"","ping_status":"","sticky":false,"template":"","format":"standard","meta":{"footnotes":""},"categories":[145],"tags":[211,210,114,115,32,33],"class_list":{"0":"post-232244","1":"post","2":"type-post","3":"status-publish","4":"format-standard","5":"has-post-thumbnail","7":"category-celebridades","8":"tag-celebridades","9":"tag-celebrities","10":"tag-entertainment","11":"tag-entretenimento","12":"tag-portugal","13":"tag-pt"},"share_on_mastodon":{"url":"https:\/\/pubeurope.com\/@pt\/115907670975511807","error":""},"_links":{"self":[{"href":"https:\/\/www.europesays.com\/pt\/wp-json\/wp\/v2\/posts\/232244","targetHints":{"allow":["GET"]}}],"collection":[{"href":"https:\/\/www.europesays.com\/pt\/wp-json\/wp\/v2\/posts"}],"about":[{"href":"https:\/\/www.europesays.com\/pt\/wp-json\/wp\/v2\/types\/post"}],"author":[{"embeddable":true,"href":"https:\/\/www.europesays.com\/pt\/wp-json\/wp\/v2\/users\/2"}],"replies":[{"embeddable":true,"href":"https:\/\/www.europesays.com\/pt\/wp-json\/wp\/v2\/comments?post=232244"}],"version-history":[{"count":0,"href":"https:\/\/www.europesays.com\/pt\/wp-json\/wp\/v2\/posts\/232244\/revisions"}],"wp:featuredmedia":[{"embeddable":true,"href":"https:\/\/www.europesays.com\/pt\/wp-json\/wp\/v2\/media\/232245"}],"wp:attachment":[{"href":"https:\/\/www.europesays.com\/pt\/wp-json\/wp\/v2\/media?parent=232244"}],"wp:term":[{"taxonomy":"category","embeddable":true,"href":"https:\/\/www.europesays.com\/pt\/wp-json\/wp\/v2\/categories?post=232244"},{"taxonomy":"post_tag","embeddable":true,"href":"https:\/\/www.europesays.com\/pt\/wp-json\/wp\/v2\/tags?post=232244"}],"curies":[{"name":"wp","href":"https:\/\/api.w.org\/{rel}","templated":true}]}}