{"id":232246,"date":"2026-01-17T00:46:14","date_gmt":"2026-01-17T00:46:14","guid":{"rendered":"https:\/\/www.europesays.com\/pt\/232246\/"},"modified":"2026-01-17T00:46:14","modified_gmt":"2026-01-17T00:46:14","slug":"henri-castelli-recebe-alta-medica-apos-deixar-o-bbb-26","status":"publish","type":"post","link":"https:\/\/www.europesays.com\/pt\/232246\/","title":{"rendered":"Henri Castelli recebe alta m\u00e9dica ap\u00f3s deixar o BBB 26"},"content":{"rendered":"\n<p class=\" content-text__container \" data-track-category=\"Link no Texto\" data-track-links=\"\"> A sa\u00edda de Henri Castelli do <a class=\"\" href=\"https:\/\/gshow.globo.com\/realities\/bbb\/bbb-26\/\" rel=\"nofollow noopener\" target=\"_blank\">BBB<\/a> 26 foi anunciada por Tadeu Schmidt na \u00faltima quarta-feira, ap\u00f3s o ator precisar de atendimento m\u00e9dico no confinamento. &#8220;O Henri est\u00e1 bem, est\u00e1 l\u00facido. Mas, diante desse quadro, o Henri n\u00e3o vai continuar no BBB. A gente lamenta a sa\u00edda dele do jogo, mas entende que, evidentemente, a sa\u00fade \u00e9 sempre mais importante que qualquer competi\u00e7\u00e3o, al\u00e9m de ser uma preocupa\u00e7\u00e3o nossa&#8221;, declarou o apresentador. <\/p>\n","protected":false},"excerpt":{"rendered":"A sa\u00edda de Henri Castelli do BBB 26 foi anunciada por Tadeu Schmidt na \u00faltima quarta-feira, ap\u00f3s o&hellip;\n","protected":false},"author":2,"featured_media":229513,"comment_status":"","ping_status":"","sticky":false,"template":"","format":"standard","meta":{"footnotes":""},"categories":[142],"tags":[114,115,32,33,151],"class_list":{"0":"post-232246","1":"post","2":"type-post","3":"status-publish","4":"format-standard","5":"has-post-thumbnail","7":"category-tv","8":"tag-entertainment","9":"tag-entretenimento","10":"tag-portugal","11":"tag-pt","12":"tag-tv"},"share_on_mastodon":{"url":"https:\/\/pubeurope.com\/@pt\/115907682807862697","error":""},"_links":{"self":[{"href":"https:\/\/www.europesays.com\/pt\/wp-json\/wp\/v2\/posts\/232246","targetHints":{"allow":["GET"]}}],"collection":[{"href":"https:\/\/www.europesays.com\/pt\/wp-json\/wp\/v2\/posts"}],"about":[{"href":"https:\/\/www.europesays.com\/pt\/wp-json\/wp\/v2\/types\/post"}],"author":[{"embeddable":true,"href":"https:\/\/www.europesays.com\/pt\/wp-json\/wp\/v2\/users\/2"}],"replies":[{"embeddable":true,"href":"https:\/\/www.europesays.com\/pt\/wp-json\/wp\/v2\/comments?post=232246"}],"version-history":[{"count":0,"href":"https:\/\/www.europesays.com\/pt\/wp-json\/wp\/v2\/posts\/232246\/revisions"}],"wp:featuredmedia":[{"embeddable":true,"href":"https:\/\/www.europesays.com\/pt\/wp-json\/wp\/v2\/media\/229513"}],"wp:attachment":[{"href":"https:\/\/www.europesays.com\/pt\/wp-json\/wp\/v2\/media?parent=232246"}],"wp:term":[{"taxonomy":"category","embeddable":true,"href":"https:\/\/www.europesays.com\/pt\/wp-json\/wp\/v2\/categories?post=232246"},{"taxonomy":"post_tag","embeddable":true,"href":"https:\/\/www.europesays.com\/pt\/wp-json\/wp\/v2\/tags?post=232246"}],"curies":[{"name":"wp","href":"https:\/\/api.w.org\/{rel}","templated":true}]}}