{"id":232253,"date":"2026-01-17T00:51:11","date_gmt":"2026-01-17T00:51:11","guid":{"rendered":"https:\/\/www.europesays.com\/pt\/232253\/"},"modified":"2026-01-17T00:51:11","modified_gmt":"2026-01-17T00:51:11","slug":"acabei-de-passar-30-anos-na-prisao-nao-vais-querer-meter-te-comigo","status":"publish","type":"post","link":"https:\/\/www.europesays.com\/pt\/232253\/","title":{"rendered":"Acabei de passar 30 anos na pris\u00e3o. N\u00e3o vais querer meter-te comigo"},"content":{"rendered":"<p>O ator Timoth\u00e9e Chalamet falou sobre a sua experi\u00eancia nas filmagens de &#8220;Marty Supreme&#8221; quando participou numa sess\u00e3o de perguntas e respostas com o colega Robert Downey Jr, na quarta-feira, dia 14 de janeiro, no GA Theater Complex, em Los Angeles.\u00a0<\/p>\n<p>Ao recordar um epis\u00f3dio marcante, relatou: &#8220;N\u00e3o vou dizer quem, mas naquela sequ\u00eancia do motel, havia muitos n\u00e3o-atores &#8211; com quem gosto de trabalhar, mas \u00e0s vezes era preciso batalhar para conseguir extrair algo deles.&#8221;<\/p>\n<p>&#8220;E eu estava realmente a confrontar a pessoa e a tentar deix\u00e1-lo com raiva de mim. Estava a dizer ao Josh [Safdie, realizador do filme], que ele n\u00e3o estava a ficar com raiva de mim. At\u00e9 que, depois de algumas tentativas, o homem disse-me: \u00abAcabei de passar 30 anos na pris\u00e3o. N\u00e3o vais querer meter-te comigo. Tu n\u00e3o vais querer ver-me com raiva&#8221;, lembrou.<\/p>\n<p>Ap\u00f3s o sucedido, diz, Timoth\u00e9e Chalamet foi ter com Josh Safdie e disse-lhe: &#8220;Caramba, com quem \u00e9 que me colocaste a contracenar?&#8221;<\/p>\n<p>                                                    A participa\u00e7\u00e3o especial (e surpresa) de Robert Pattinson\u00a0<\/p>\n<p>Mas esta n\u00e3o \u00e9 a \u00fanica hist\u00f3ria que fica para contar de &#8220;Marty Supreme&#8221;. A People recorda que, recentemente, numa palestra em Londres, Josh Safdie contou que o ator Robert Pattinson, de 39 anos, faz uma participa\u00e7\u00e3o especial (e secreta) no filme, tendo usado apenas a sua voz.\u00a0<\/p>\n<p>&#8220;Ningu\u00e9m sabe disto, mas aquela voz, a do comentarista, a do \u00e1rbitro, \u00e9 a do [Robert] Pattinson&#8221;, revelou Josh Safdie, de 41 anos, segundo a Complex.<\/p>\n<p>Josh Safdie e Robert Pattinson, de referir, trabalharam juntos em &#8220;Good Time&#8221;, de 2017.<\/p>\n<p>                                                    Timoth\u00e9e nos Globos de Ouro. Beijos e men\u00e7\u00e3o de Kylie Jenner em discurso<\/p>\n<p>De recordar que Timoth\u00e9e Chalamet, de 30 anos, venceu o pr\u00e9mio de Melhor Ator em Filme musical ou com\u00e9dia, nos Globos de Ouro, precisamente pelo trabalho em &#8220;Marty Supreme&#8221;, onde d\u00e1 vida a Marty. \u00a0<\/p>\n<p>Nesta ocasi\u00e3o especial, o ator contou com a companhia da namorada, a celebridade Kylie Jenner, que festejou com o seu amor a vit\u00f3ria.<\/p>\n<p>Apesar de n\u00e3o terem posado juntos na passadeira vermelha do evento, enquanto o ator assistia \u00e0 grava\u00e7\u00e3o do seu nome no trof\u00e9u, Kylie Jenner estava ao lado de Timoth\u00e9e. Nos bastidores, durante a cerim\u00f3nia, o casal tamb\u00e9m foi visto junto \u00e0 mesa com outros convidados e n\u00e3o faltaram trocas de ternura.<\/p>\n<p>E quando Timoth\u00e9e Chalamet subiu ao palco para receber o pr\u00e9mio, ap\u00f3s o discurso, Kylie Jenner foi vista na plateia a apoiar o namorado e a dizer &#8220;estou t\u00e3o feliz&#8221;. Ali\u00e1s, assim que o nome de Timoth\u00e9e Chalamet foi anunciado como o vencedor da noite, a primeira rea\u00e7\u00e3o do ator foi beijar a namorada Kylie Jenner. E no discurso fez quest\u00e3o de a mencionar.\u00a0<\/p>\n<p>&#8220;O meu pai ensinou-me a valorizar a gratid\u00e3o desde crian\u00e7a. S\u00ea sempre grato pelo que tens. Isso permitiu-me sair desta cerim\u00f3nia de m\u00e3os vazias, de cabe\u00e7a erguida, grato apenas por estar aqui. Estaria a mentir se dissesse que esses momentos n\u00e3o tornaram este momento ainda mais especial. Aos meus pais, \u00e0 minha companheira, amo-vos. Muito obrigado.&#8221;<\/p>\n<p>                                                    <img decoding=\"async\" height=\"640\" with=\"360\" src=\"https:\/\/www.europesays.com\/pt\/wp-content\/uploads\/2026\/01\/1768611071_127_naom_6964e2277c1a4.jpg\" border=\"0\" alt=\"Timoth\u00e9e nos Globos de Ouro. Beijos e men\u00e7\u00e3o de Kylie Jenner em discurso\"\/><\/p>\n<p>O ator Timoth\u00e9e Chalamet levou para casa o pr\u00e9mio de Melhor Ator em Filme musical ou com\u00e9dia, dos Globos de Ouro, pelo filme &#8220;Marty Supreme&#8221;. O grande momentos contou com a presen\u00e7a da namorada, Kylie Jenner e no discurso tamb\u00e9m a mencionou.<\/p>\n<p>                                                    \u00a0Not\u00edcias ao Minuto | 22:01 &#8211; 12\/01\/2026 <\/p>\n","protected":false},"excerpt":{"rendered":"O ator Timoth\u00e9e Chalamet falou sobre a sua experi\u00eancia nas filmagens de &#8220;Marty Supreme&#8221; quando participou numa sess\u00e3o&hellip;\n","protected":false},"author":2,"featured_media":232254,"comment_status":"","ping_status":"","sticky":false,"template":"","format":"standard","meta":{"footnotes":""},"categories":[85],"tags":[114,115,32,33],"class_list":{"0":"post-232253","1":"post","2":"type-post","3":"status-publish","4":"format-standard","5":"has-post-thumbnail","7":"category-entretenimento","8":"tag-entertainment","9":"tag-entretenimento","10":"tag-portugal","11":"tag-pt"},"share_on_mastodon":{"url":"https:\/\/pubeurope.com\/@pt\/115907702482330022","error":""},"_links":{"self":[{"href":"https:\/\/www.europesays.com\/pt\/wp-json\/wp\/v2\/posts\/232253","targetHints":{"allow":["GET"]}}],"collection":[{"href":"https:\/\/www.europesays.com\/pt\/wp-json\/wp\/v2\/posts"}],"about":[{"href":"https:\/\/www.europesays.com\/pt\/wp-json\/wp\/v2\/types\/post"}],"author":[{"embeddable":true,"href":"https:\/\/www.europesays.com\/pt\/wp-json\/wp\/v2\/users\/2"}],"replies":[{"embeddable":true,"href":"https:\/\/www.europesays.com\/pt\/wp-json\/wp\/v2\/comments?post=232253"}],"version-history":[{"count":0,"href":"https:\/\/www.europesays.com\/pt\/wp-json\/wp\/v2\/posts\/232253\/revisions"}],"wp:featuredmedia":[{"embeddable":true,"href":"https:\/\/www.europesays.com\/pt\/wp-json\/wp\/v2\/media\/232254"}],"wp:attachment":[{"href":"https:\/\/www.europesays.com\/pt\/wp-json\/wp\/v2\/media?parent=232253"}],"wp:term":[{"taxonomy":"category","embeddable":true,"href":"https:\/\/www.europesays.com\/pt\/wp-json\/wp\/v2\/categories?post=232253"},{"taxonomy":"post_tag","embeddable":true,"href":"https:\/\/www.europesays.com\/pt\/wp-json\/wp\/v2\/tags?post=232253"}],"curies":[{"name":"wp","href":"https:\/\/api.w.org\/{rel}","templated":true}]}}