{"id":232261,"date":"2026-01-17T01:00:07","date_gmt":"2026-01-17T01:00:07","guid":{"rendered":"https:\/\/www.europesays.com\/pt\/232261\/"},"modified":"2026-01-17T01:00:07","modified_gmt":"2026-01-17T01:00:07","slug":"uma-obra-prima-de-spielberg-e-outros-filmes-para-ver-este-fim-de-semana-na-tv-nit","status":"publish","type":"post","link":"https:\/\/www.europesays.com\/pt\/232261\/","title":{"rendered":"Uma obra-prima de Spielberg e outros filmes para ver este fim de semana na TV \u2014 NiT"},"content":{"rendered":"<p>Um dos \u201ccameos\u201d memor\u00e1veis do cinema, e um dos elementos mais curiosos da obra de Spielberg, chegou aos ecr\u00e3s norte-americanos a 16 de novembro de 1977. Agora, quase 50 anos depois, ter\u00e1 oportunidade de o (re)ver este domingo, pelas 22h50, no Canal Hollywood.<\/p>\n<p>Em \u201c<a href=\"https:\/\/www.imdb.com\/pt\/title\/tt0075860\/\" target=\"_blank\" rel=\"nofollow noopener\">Encontros<\/a> Imediatos do Terceiro Grau\u201d, o ic\u00f3nico cineasta da Nouvelle Vague, Fran\u00e7ois Truffaut, interpreta Claude Lacombe, o uf\u00f3logo franc\u00eas que conduz a investiga\u00e7\u00e3o cient\u00edfica sobre os OVNIs. Tudo come\u00e7a durante um voo comercial, quando um avi\u00e3o se cruza com um objeto brilhante que o piloto n\u00e3o consegue descrever.<\/p>\n<p>Depois, v\u00e1rios avi\u00f5es, dados como desaparecidos em 1945, surgem de repente no deserto de Mojave. A seguir, Roy Neary (Richard Dreyfuss), um eletricista que trabalha de noite, tem um encontro com um estranho objeto voador, vindo n\u00e3o se sabe de onde. Esta s\u00e9rie de acontecimentos inexplic\u00e1veis ir\u00e1 culminar num espetacular encontro de humanos com extraterrestres.\u00a0<\/p>\n<p>Ap\u00f3s aquele contacto fugaz, Roy desenvolve uma obsess\u00e3o com o OVNI, o que acabar\u00e1 por destruir a sua a vida dom\u00e9stica. Uma das grandes for\u00e7as do filme reside no choque entre o caos muito concreto da vida familiar, \u2014 dos gritos dos mi\u00fados, \u00e0s discuss\u00f5es do casal e \u00e0 desordem, \u2014 e a tranquilidade silenciosa das apari\u00e7\u00f5es no c\u00e9u.\u00a0\u00a0<\/p>\n<p>Ao contr\u00e1rio da fic\u00e7\u00e3o cient\u00edfica contempor\u00e2nea, que tende a encarar o \u201coutro\u201d como amea\u00e7a, Spielberg apostou na empatia e na compreens\u00e3o. Os alien\u00edgenas n\u00e3o chegam como invasores, mas como interlocutores curiosos. E Lacombe, o personagem de Truffaut, \u00e9 o elemento da equipa cient\u00edfica que insiste em decifrar o \u201cdi\u00e1logo\u201d alien\u00edgena atrav\u00e9s da m\u00fasica, \u2014 uma ideia que remete para a pr\u00f3pria filosofia do realizador franc\u00eas, que considerava o cinema uma linguagem universal, capaz de transcender barreiras culturais.<\/p>\n<p>Enquanto os generais norte-americanos debatem estrat\u00e9gias de conten\u00e7\u00e3o dos visitantes e os t\u00e9cnicos medem frequ\u00eancias, Lacombe opta pela comunica\u00e7\u00e3o, estrat\u00e9gia que \u00e9 tamb\u00e9m uma met\u00e1fora do pr\u00f3prio cameo. <strong>A escolha de Spielberg foi arriscada: Truffaut n\u00e3o era ator profissional, e teve de aprender as falas em ingl\u00eas com um coach. No final, o sotaque marcante do franc\u00eas acabou por trazer uma autenticidade genu\u00edna ao papel.<\/strong><\/p>\n<p>Contudo, os \u201cEncontros Imediatos do Terceiro Grau\u201c n\u00e3o acabam bem. Roy abandona a fam\u00edlia para seguir os visitantes, decis\u00e3o final que ainda hoje \u00e9 considerada um dos pontos mais provocadores do filme. Spielberg defendeu o desfecho do personagem como \u201ca necessidade de responder a um chamamento interior\u201d, em vez de um \u00edmpeto ego\u00edsta com duras consequ\u00eancias para a fam\u00edlia.<\/p>\n<p>Este \u00e9 apenas um dos filmes que poder\u00e1 ver ou rever este fim de semana, se n\u00e3o quiser sair do sof\u00e1 com a previs\u00e3o da chegada de uma <a href=\"https:\/\/www.nit.pt\/fora-de-casa\/na-cidade\/massa-de-ar-polar-atinge-portugal-nos-proximos-dias-varias-zonas-terao-temperaturas-negativas\" rel=\"nofollow noopener\" target=\"_blank\">massa<\/a> de ar polar ao Pa\u00eds. Outro dos destaques cinematogr\u00e1ficos para ver na televis\u00e3o nos pr\u00f3ximos dias vai para \u201cPlano de Fuga\u201d, que marca a primeira vez que Sylvester Stallone e Arnold Schwarzenegger se juntaram para desempenhar os pap\u00e9is principais \u2014 e ambos do mesmo lado da barricada.<\/p>\n<p>Carregue na galeria para ver as outras sugest\u00f5es.<\/p>\n","protected":false},"excerpt":{"rendered":"Um dos \u201ccameos\u201d memor\u00e1veis do cinema, e um dos elementos mais curiosos da obra de Spielberg, chegou aos&hellip;\n","protected":false},"author":2,"featured_media":232262,"comment_status":"","ping_status":"","sticky":false,"template":"","format":"standard","meta":{"footnotes":""},"categories":[142],"tags":[114,115,32,33,151],"class_list":{"0":"post-232261","1":"post","2":"type-post","3":"status-publish","4":"format-standard","5":"has-post-thumbnail","7":"category-tv","8":"tag-entertainment","9":"tag-entretenimento","10":"tag-portugal","11":"tag-pt","12":"tag-tv"},"share_on_mastodon":{"url":"https:\/\/pubeurope.com\/@pt\/115907737850900914","error":""},"_links":{"self":[{"href":"https:\/\/www.europesays.com\/pt\/wp-json\/wp\/v2\/posts\/232261","targetHints":{"allow":["GET"]}}],"collection":[{"href":"https:\/\/www.europesays.com\/pt\/wp-json\/wp\/v2\/posts"}],"about":[{"href":"https:\/\/www.europesays.com\/pt\/wp-json\/wp\/v2\/types\/post"}],"author":[{"embeddable":true,"href":"https:\/\/www.europesays.com\/pt\/wp-json\/wp\/v2\/users\/2"}],"replies":[{"embeddable":true,"href":"https:\/\/www.europesays.com\/pt\/wp-json\/wp\/v2\/comments?post=232261"}],"version-history":[{"count":0,"href":"https:\/\/www.europesays.com\/pt\/wp-json\/wp\/v2\/posts\/232261\/revisions"}],"wp:featuredmedia":[{"embeddable":true,"href":"https:\/\/www.europesays.com\/pt\/wp-json\/wp\/v2\/media\/232262"}],"wp:attachment":[{"href":"https:\/\/www.europesays.com\/pt\/wp-json\/wp\/v2\/media?parent=232261"}],"wp:term":[{"taxonomy":"category","embeddable":true,"href":"https:\/\/www.europesays.com\/pt\/wp-json\/wp\/v2\/categories?post=232261"},{"taxonomy":"post_tag","embeddable":true,"href":"https:\/\/www.europesays.com\/pt\/wp-json\/wp\/v2\/tags?post=232261"}],"curies":[{"name":"wp","href":"https:\/\/api.w.org\/{rel}","templated":true}]}}