{"id":232307,"date":"2026-01-17T01:58:28","date_gmt":"2026-01-17T01:58:28","guid":{"rendered":"https:\/\/www.europesays.com\/pt\/232307\/"},"modified":"2026-01-17T01:58:28","modified_gmt":"2026-01-17T01:58:28","slug":"quinze-distritos-de-portugal-continental-sob-aviso-amarelo-devido-a-neve-e-ondulacao","status":"publish","type":"post","link":"https:\/\/www.europesays.com\/pt\/232307\/","title":{"rendered":"Quinze distritos de Portugal continental sob aviso amarelo devido \u00e0 neve e ondula\u00e7\u00e3o"},"content":{"rendered":"<p>\t                Aviso amarelo est\u00e1 em vigor at\u00e9 \u00e0s 18:00<\/p>\n<p>Quinze distritos est\u00e3o sob aviso amarelo devido \u00e0 previs\u00e3o de neve e agita\u00e7\u00e3o mar\u00edtima por vezes forte, avan\u00e7ou esta sexta-feira o Instituto Portugu\u00eas do Mar e da Atmosfera (IPMA).<\/p>\n<p>O aviso amarelo est\u00e1 em vigor at\u00e9 \u00e0s 18:00 em Bragan\u00e7a, Viseu, Guarda, Vila Real, Viana do Castelo, Castelo Branco e Braga, devido \u00e0 queda de neve acima dos mil metros de altura, com acumula\u00e7\u00e3o at\u00e9 20 cent\u00edmetros nos pontos mais altos da Serra da Estrela.<\/p>\n<p>O comunicado alerta para a possibilidade de perturba\u00e7\u00f5es causadas pela acumula\u00e7\u00e3o de neve e poss\u00edvel forma\u00e7\u00e3o de gelo, incluindo vias condicionadas ou interditas, danos em estruturas ou \u00e1rvores e abastecimentos locais prejudicados.<\/p>\n<p>Por outro lado, devido \u00e0 forte ondula\u00e7\u00e3o, o litoral dos distritos do Porto, Faro, Set\u00fabal, Viana do Castelo, Lisboa, Leiria, Beja, Aveiro, Coimbra e Braga est\u00e3o com aviso amarelo, prevendo-se ondas de noroeste com quatro a cinco metros de altura.<\/p>\n<p>O aviso amarelo devido ao estado do mar estar\u00e1 em vigor at\u00e9 \u00e0 madrugada de domingo.<\/p>\n<p>No entanto, nos distritos do Porto, Viana do Castelo, Lisboa, Leiria, Aveiro, Coimbra e Braga, o alerta ser\u00e1 elevado para o n\u00edvel laranja a partir das 21:00 de hoje e at\u00e9 ao meio-dia de s\u00e1bado, prevendo-se ondas de noroeste que podem atingir 10 metros de altura.<\/p>\n<p>O aviso laranja \u00e9 emitido pelo IPMA sempre que existe &#8220;situa\u00e7\u00e3o meteorol\u00f3gica de risco moderado a elevado&#8221;, e o amarelo quando h\u00e1 uma situa\u00e7\u00e3o de risco para determinadas atividades dependentes da situa\u00e7\u00e3o meteorol\u00f3gica.<\/p>\n","protected":false},"excerpt":{"rendered":"Aviso amarelo est\u00e1 em vigor at\u00e9 \u00e0s 18:00 Quinze distritos est\u00e3o sob aviso amarelo devido \u00e0 previs\u00e3o de&hellip;\n","protected":false},"author":2,"featured_media":232308,"comment_status":"","ping_status":"","sticky":false,"template":"","format":"standard","meta":{"footnotes":""},"categories":[10],"tags":[12324,609,836,611,27,28,607,608,333,832,604,135,610,476,15,16,301,830,14,603,25,26,570,21,22,831,833,606,62,834,11288,12,13,19,20,44423,835,602,52,32,23,24,33,605,17,18,29,30,31],"class_list":{"0":"post-232307","1":"post","2":"type-post","3":"status-publish","4":"format-standard","5":"has-post-thumbnail","7":"category-portugal","8":"tag-agitacao-maritima","9":"tag-alerta","10":"tag-analise","11":"tag-ao-minuto","12":"tag-breaking-news","13":"tag-breakingnews","14":"tag-cnn","15":"tag-cnn-portugal","16":"tag-comentadores","17":"tag-costa","18":"tag-crime","19":"tag-desporto","20":"tag-direto","21":"tag-economia","22":"tag-featured-news","23":"tag-featurednews","24":"tag-governo","25":"tag-guerra","26":"tag-headlines","27":"tag-justica","28":"tag-latest-news","29":"tag-latestnews","30":"tag-live","31":"tag-main-news","32":"tag-mainnews","33":"tag-mais-vistas","34":"tag-marcelo","35":"tag-meteorologia","36":"tag-mundo","37":"tag-negocios","38":"tag-neve","39":"tag-news","40":"tag-noticias","41":"tag-noticias-principais","42":"tag-noticiasprincipais","43":"tag-ondulacao","44":"tag-opiniao","45":"tag-pais","46":"tag-politica","47":"tag-portugal","48":"tag-principais-noticias","49":"tag-principaisnoticias","50":"tag-pt","51":"tag-tempo","52":"tag-top-stories","53":"tag-topstories","54":"tag-ultimas","55":"tag-ultimas-noticias","56":"tag-ultimasnoticias"},"share_on_mastodon":{"url":"","error":"Validation failed: Text character limit of 500 exceeded"},"_links":{"self":[{"href":"https:\/\/www.europesays.com\/pt\/wp-json\/wp\/v2\/posts\/232307","targetHints":{"allow":["GET"]}}],"collection":[{"href":"https:\/\/www.europesays.com\/pt\/wp-json\/wp\/v2\/posts"}],"about":[{"href":"https:\/\/www.europesays.com\/pt\/wp-json\/wp\/v2\/types\/post"}],"author":[{"embeddable":true,"href":"https:\/\/www.europesays.com\/pt\/wp-json\/wp\/v2\/users\/2"}],"replies":[{"embeddable":true,"href":"https:\/\/www.europesays.com\/pt\/wp-json\/wp\/v2\/comments?post=232307"}],"version-history":[{"count":0,"href":"https:\/\/www.europesays.com\/pt\/wp-json\/wp\/v2\/posts\/232307\/revisions"}],"wp:featuredmedia":[{"embeddable":true,"href":"https:\/\/www.europesays.com\/pt\/wp-json\/wp\/v2\/media\/232308"}],"wp:attachment":[{"href":"https:\/\/www.europesays.com\/pt\/wp-json\/wp\/v2\/media?parent=232307"}],"wp:term":[{"taxonomy":"category","embeddable":true,"href":"https:\/\/www.europesays.com\/pt\/wp-json\/wp\/v2\/categories?post=232307"},{"taxonomy":"post_tag","embeddable":true,"href":"https:\/\/www.europesays.com\/pt\/wp-json\/wp\/v2\/tags?post=232307"}],"curies":[{"name":"wp","href":"https:\/\/api.w.org\/{rel}","templated":true}]}}