{"id":232360,"date":"2026-01-17T03:08:17","date_gmt":"2026-01-17T03:08:17","guid":{"rendered":"https:\/\/www.europesays.com\/pt\/232360\/"},"modified":"2026-01-17T03:08:17","modified_gmt":"2026-01-17T03:08:17","slug":"mne-encerra-temporariamente-embaixada-no-irao-8-portugueses-ja-sairam","status":"publish","type":"post","link":"https:\/\/www.europesays.com\/pt\/232360\/","title":{"rendered":"MNE encerra temporariamente embaixada no Ir\u00e3o (8 portugueses j\u00e1 sa\u00edram)"},"content":{"rendered":"<p>&#8220;O Minist\u00e9rio dos Neg\u00f3cios Estrangeiros informa que foi determinado ontem, 14 de janeiro, o encerramento tempor\u00e1rio da embaixada de Portugal no Ir\u00e3o&#8221;, refere uma nota de imprensa hoje divulgada.<\/p>\n<p>Segundo a nota, &#8220;todos os portugueses naquele pa\u00eds foram contactados, tendo oito cidad\u00e3os nacionais j\u00e1 abandonado territ\u00f3rio iraniano&#8221;.<\/p>\n<p>O minist\u00e9rio acrescenta que &#8220;alguns cidad\u00e3os&#8221; est\u00e3o em processo de sa\u00edda, sem adiantar mais pormenores &#8220;por motivos de seguran\u00e7a&#8221;.<\/p>\n<p>Dez cidad\u00e3os nacionais, &#8220;sete dos quais det\u00eam dupla nacionalidade, portuguesa e iraniana, quiseram permanecer no pa\u00eds&#8221;, acrescenta-se na nota.<\/p>\n<p>O Governo portugu\u00eas desaconselha &#8220;todas e quaisquer viagens ao Ir\u00e3o, como tinha sido j\u00e1 divulgado no Portal das Comunidades Portuguesas&#8221;, diante do &#8220;contexto de tens\u00e3o e da situa\u00e7\u00e3o de conflito armado latente na regi\u00e3o, o que resulta em significativo risco securit\u00e1rio&#8221;.<\/p>\n<p>O Ir\u00e3o est\u00e1 a ser agitado por uma nova vaga de protestos desde 28 de dezembro, iniciada em Teer\u00e3o por comerciantes e setores econ\u00f3micos afetados pelo colapso do rial, a moeda iraniana, e pela elevada infla\u00e7\u00e3o, alastrando-se depois a mais de 100 cidades do pa\u00eds.<\/p>\n<p>A Iran Human Rights (IHRNGO) elevou para 3.428 as mortes registadas nos protestos que abalam o Ir\u00e3o h\u00e1 mais de duas semanas, alertando que s\u00e3o casos que conseguiu verificar e que o n\u00famero real dever\u00e1 ser superior.<\/p>\n<p>O Presidente norte-americano, Donald Trump, tem amea\u00e7ado repetidamente as autoridades iranianas com uma interven\u00e7\u00e3o militar contra a Rep\u00fablica Isl\u00e2mica e instou os manifestantes a prosseguirem protestos.<\/p>\n<p>Teer\u00e3o amea\u00e7ou realizar um ataque preventivo, alegando, sem apresentar provas, que Israel e os Estados Unidos orquestraram os protestos.<\/p>\n<p>O Conselho de Seguran\u00e7a das Na\u00e7\u00f5es Unidas vai reunir-se hoje de emerg\u00eancia para &#8220;uma reuni\u00e3o informativa sobre a situa\u00e7\u00e3o no Ir\u00e3o&#8221;, a pedido dos Estados Unidos, anunciou o porta-voz da presid\u00eancia do Conselho, atualmente nas m\u00e3os da Som\u00e1lia.<\/p>\n<p>A reuni\u00e3o do grupo de 15 pa\u00edses est\u00e1 marcada para as 15h00 (22h00 em Lisboa), segundo um comunicado do porta-voz do secret\u00e1rio-geral da ONU, Ant\u00f3nio Guterres.<\/p>\n<p>O porta-voz do portugu\u00eas, St\u00e9phane Dujarric, reiterou na quarta-feira, em confer\u00eancia de imprensa, que a ONU &#8220;est\u00e1 extremamente preocupada&#8221; com &#8220;as imagens que surgem de manifestantes mortos pela viol\u00eancia durante os protestos&#8221;.<\/p>\n<p>Leia Tamb\u00e9m: <a href=\"https:\/\/www.noticiasaominuto.com\/mundo\/2919768\/irao-nega-que-erfan-soltani-tenha-sido-condenado-a-morte-lei-nao-preve\" target=\"_blank\" rel=\"noopener noreferrer nofollow\">Ir\u00e3o nega que Erfan Soltani tenha sido condenado \u00e0 morte. &#8220;Lei n\u00e3o prev\u00ea&#8221;<\/a><\/p>\n","protected":false},"excerpt":{"rendered":"&#8220;O Minist\u00e9rio dos Neg\u00f3cios Estrangeiros informa que foi determinado ontem, 14 de janeiro, o encerramento tempor\u00e1rio da embaixada&hellip;\n","protected":false},"author":2,"featured_media":232361,"comment_status":"","ping_status":"","sticky":false,"template":"","format":"standard","meta":{"footnotes":""},"categories":[10],"tags":[27,28,15,16,14,25,26,21,22,12,13,19,20,32,23,24,33,17,18,29,30,31],"class_list":{"0":"post-232360","1":"post","2":"type-post","3":"status-publish","4":"format-standard","5":"has-post-thumbnail","7":"category-portugal","8":"tag-breaking-news","9":"tag-breakingnews","10":"tag-featured-news","11":"tag-featurednews","12":"tag-headlines","13":"tag-latest-news","14":"tag-latestnews","15":"tag-main-news","16":"tag-mainnews","17":"tag-news","18":"tag-noticias","19":"tag-noticias-principais","20":"tag-noticiasprincipais","21":"tag-portugal","22":"tag-principais-noticias","23":"tag-principaisnoticias","24":"tag-pt","25":"tag-top-stories","26":"tag-topstories","27":"tag-ultimas","28":"tag-ultimas-noticias","29":"tag-ultimasnoticias"},"share_on_mastodon":{"url":"https:\/\/pubeurope.com\/@pt\/115908241255011580","error":""},"_links":{"self":[{"href":"https:\/\/www.europesays.com\/pt\/wp-json\/wp\/v2\/posts\/232360","targetHints":{"allow":["GET"]}}],"collection":[{"href":"https:\/\/www.europesays.com\/pt\/wp-json\/wp\/v2\/posts"}],"about":[{"href":"https:\/\/www.europesays.com\/pt\/wp-json\/wp\/v2\/types\/post"}],"author":[{"embeddable":true,"href":"https:\/\/www.europesays.com\/pt\/wp-json\/wp\/v2\/users\/2"}],"replies":[{"embeddable":true,"href":"https:\/\/www.europesays.com\/pt\/wp-json\/wp\/v2\/comments?post=232360"}],"version-history":[{"count":0,"href":"https:\/\/www.europesays.com\/pt\/wp-json\/wp\/v2\/posts\/232360\/revisions"}],"wp:featuredmedia":[{"embeddable":true,"href":"https:\/\/www.europesays.com\/pt\/wp-json\/wp\/v2\/media\/232361"}],"wp:attachment":[{"href":"https:\/\/www.europesays.com\/pt\/wp-json\/wp\/v2\/media?parent=232360"}],"wp:term":[{"taxonomy":"category","embeddable":true,"href":"https:\/\/www.europesays.com\/pt\/wp-json\/wp\/v2\/categories?post=232360"},{"taxonomy":"post_tag","embeddable":true,"href":"https:\/\/www.europesays.com\/pt\/wp-json\/wp\/v2\/tags?post=232360"}],"curies":[{"name":"wp","href":"https:\/\/api.w.org\/{rel}","templated":true}]}}