{"id":232362,"date":"2026-01-17T03:09:34","date_gmt":"2026-01-17T03:09:34","guid":{"rendered":"https:\/\/www.europesays.com\/pt\/232362\/"},"modified":"2026-01-17T03:09:34","modified_gmt":"2026-01-17T03:09:34","slug":"maria-corina-machado-ofereceu-medalha-do-nobel-da-paz-a-trump-durante-encontro-na-casa-branca-expresso","status":"publish","type":"post","link":"https:\/\/www.europesays.com\/pt\/232362\/","title":{"rendered":"Mar\u00eda Corina Machado ofereceu medalha do Nobel da Paz a Trump durante encontro na Casa Branca &#8211; Expresso"},"content":{"rendered":"<ol>\n<li><a href=\"https:\/\/news.google.com\/rss\/articles\/CBMi4AFBVV95cUxOa0paMVZLLW9reFhJenBvdGJTMHlqWUZ0dWgzSUdGblIybXB4cUFlbnVVUnBjTzZ5NkdidUJBLVpIY21IRXBYMUVEN25Lc3RWXzBIVUVYV3dSY2N5MzNGbEdwVWM1ZmpkWnJnWHJ0Z1NZSWYzai1mUHBHSlRFSkFJWFpKaDJqRHJRNXBVSDRNeW9VTnVSVG9mdUNnSWJJOEp2WDVJSS1CRFkwMDdaODBiakRIZExmMGxVamdoWERja24xMjNJUE9JdnlmV3F4c05rak5jcEZoejhYSkJiSjNsedIB5gFBVV95cUxNWksxRUp3RTNfRGhTanV1cWl6cnVfQnN4N1NzN2JOeWRSR0VpcHU3YWpoejFnLTF3dk1LSkRYRkM3RDNfNFNMcHI5NXA5Z3RTeGEyZ1ZFTGQyczNiRDRhWjF3OVlBdThZMDdXT0JhaW5Kb3hQMC1odDg5V2JDQ21GUGpBR01RS2lINHhHMHpUMWg5Zm5SNjN4WnZjemhubF9wOElZRWZUNlNHdUJZc1h1ODJRS1pTdkZ4dkM2U3k1VW5TaTBqWW9pQmktb2FNSWl5b3Q2c3N3VXhLbzRUbmx2dzRINVcydw?oc=5\" target=\"_blank\" rel=\"nofollow noopener\">Mar\u00eda Corina Machado ofereceu medalha do Nobel da Paz a Trump durante encontro na Casa Branca<\/a>&nbsp;&nbsp;Expresso<\/li>\n<li><a href=\"https:\/\/news.google.com\/rss\/articles\/CBMi7gFBVV95cUxOY1lzbV9KaVJuZWk1c2E4T3NVTzlmWWRFTkU1TlIyMzNKUE5sOXlRUEFtNDIwSHhQQk1USm9vRElOR0tjNnNCbElpUkVsb3loWGxaN2lUMUc3R1k4QXN5UnNmcWNYQ19CZEpEd1M3WFh6NWNBY1BROVE0NlFvZm01N0tweERWaVYtLXVFNVY0R2NuQ2JWM0lycnY5bXRqSDVpZm9hVkY1TGo2YXNmQXJXcnRxdllRYjE0LWstMDJEbUZNYzhJQWlDWjZnS2dHeG9ZVkVFZXZoX3ZKZ1lUWkszcWZ2Nno0VlhSbUZSX29n0gH8AUFVX3lxTE80WkVHU05nOGNWNkJjU2lPVkM1Tjl4el8yVEYtQ3lDUUw0SXNWYk5JZGJtaG5yR0RMOGpRdW9MSXlWaWJYMUVCdmpMY0tpYTJzUWpYRGRHM3Jsek5IQmdOSldnTTYxNFBHb1F1TXJWdHZ6NUNPVG1qMmk0MUQ2WUp1TTZQOTdMa19UYVQ5el9IVzVnbXIxTlZmV1RaQzJJb2N4SUJTb1dzWm5Tc3FEWUpPb1laTnFaZmJMaGNRdlNYcXNfRkFHUmluVHJtLXJMUUszbkw5NDBIWDJPWm1PeTVDRDVCd3c1dVFHTlltdHhYeWNMVlpLQ1lCN1ViUg?oc=5\" target=\"_blank\" rel=\"nofollow noopener\">Ap\u00f3s encontro com Trump, Mar\u00eda Corina Machado diz que ser\u00e1 presidente da Venezuela &#8216;quando o momento chegar&#8217;<\/a>&nbsp;&nbsp;G1<\/li>\n<li><a href=\"https:\/\/news.google.com\/rss\/articles\/CBMirgFBVV95cUxOOHV6ZFZKTW1URlFRTkxLTUxUOTFKMk1jQWVtMUtvaXRybFZlOEJJckNVZ3I2NXhYYmM4emRndDNLN1BESW4wcTBvT01BZlVfWGhMOUNlVVh4Y2RsNzhYSmdYR21tQlVBTl8xenlIQVdMZFhwMzBZeks1WGlHU1lqSENpY0pJVWsza24tZ3J4azJaYXJXaXFCcWNwWWtOMkNER1otVzlQUThfakwtbWc?oc=5\" target=\"_blank\" rel=\"nofollow noopener\">A rea\u00e7\u00e3o de Trump ao receber medalha do Nobel da Paz de Mar\u00eda Corina Machado<\/a>&nbsp;&nbsp;VEJA<\/li>\n<li><a href=\"https:\/\/news.google.com\/rss\/articles\/CBMi7AFBVV95cUxPelVjVjRqQTE1cktXQU53MnB1QVJjTDdBYThBWDJZTXFvUzRMd1pCdHhXTXhpV3phQTRhN3RtSXpBTUc5VWE1NzBSak9WMHBZZjdaMHVzeVpJZ0ZBOThIdzRrdDZzVjJLTFBIS3p1eHloYmxfOGNMVWJwRVo1YXpsOHlMNUdINEFsZjV0em4wVFZZNk9tbWtZYV9LTzRMaDNOeFZiSi16U1Eyc2taclhVOEtBVmZPYWRQZkpYaU9VVE9tMllMQ3BJZlFOWDNrVlBhMXpZdDhpSDNvd19kc0pKdjQ2TkRLTTVsUVZncw?oc=5\" target=\"_blank\" rel=\"nofollow noopener\">Pr\u00eamio Nobel \u00e9 insepar\u00e1vel do ganhador, mas medalha pode ser doada, diz \u00f3rg\u00e3o de premia\u00e7\u00e3o<\/a>&nbsp;&nbsp;UOL Not\u00edcias<\/li>\n<li><a href=\"https:\/\/news.google.com\/rss\/articles\/CBMizwFBVV95cUxPLWxwbVhrYndURzU4cU40dnlkV2JaSXRqcWlxbFVNNFNGQUphZE40bW5sQllqTDlscm9MUmtmeUVzSGx0dHdZLVJXMjI4WXJ2OFdOZ2c5bkJUSUgwRFp2ZG1MX2RlOVVoeC1kT3NIVTkyWmxoNDJ0eWVaNmgyZWJKLTR6Z1N0VDBLdGFoa0JqTnF6dWtGLWZQZDd6QUhfNGs2TXhaQ2NfSWVITGJrOEFoZllfT2JiR1UtMGg2N2VXWF93Z2N6RDJ0MVVEelZGdVk?oc=5\" target=\"_blank\" rel=\"nofollow noopener\">\u201cDelcy est\u00e1 cumprindo ordens, n\u00e3o um acordo\u201d, diz Mar\u00eda Corina sobre ditadora interina da Venezuela<\/a>&nbsp;&nbsp;Gazeta do Povo<\/li>\n<\/ol>\n","protected":false},"excerpt":{"rendered":"Mar\u00eda Corina Machado ofereceu medalha do Nobel da Paz a Trump durante encontro na Casa Branca&nbsp;&nbsp;Expresso Ap\u00f3s encontro&hellip;\n","protected":false},"author":2,"featured_media":225042,"comment_status":"","ping_status":"","sticky":false,"template":"","format":"standard","meta":{"footnotes":""},"categories":[8],"tags":[27,28,15,16,14,25,26,21,22,12,13,19,20,32,23,24,33,17,18,29,30,31],"class_list":{"0":"post-232362","1":"post","2":"type-post","3":"status-publish","4":"format-standard","5":"has-post-thumbnail","7":"category-principais-noticias","8":"tag-breaking-news","9":"tag-breakingnews","10":"tag-featured-news","11":"tag-featurednews","12":"tag-headlines","13":"tag-latest-news","14":"tag-latestnews","15":"tag-main-news","16":"tag-mainnews","17":"tag-news","18":"tag-noticias","19":"tag-noticias-principais","20":"tag-noticiasprincipais","21":"tag-portugal","22":"tag-principais-noticias","23":"tag-principaisnoticias","24":"tag-pt","25":"tag-top-stories","26":"tag-topstories","27":"tag-ultimas","28":"tag-ultimas-noticias","29":"tag-ultimasnoticias"},"share_on_mastodon":{"url":"https:\/\/pubeurope.com\/@pt\/115908245180581267","error":""},"_links":{"self":[{"href":"https:\/\/www.europesays.com\/pt\/wp-json\/wp\/v2\/posts\/232362","targetHints":{"allow":["GET"]}}],"collection":[{"href":"https:\/\/www.europesays.com\/pt\/wp-json\/wp\/v2\/posts"}],"about":[{"href":"https:\/\/www.europesays.com\/pt\/wp-json\/wp\/v2\/types\/post"}],"author":[{"embeddable":true,"href":"https:\/\/www.europesays.com\/pt\/wp-json\/wp\/v2\/users\/2"}],"replies":[{"embeddable":true,"href":"https:\/\/www.europesays.com\/pt\/wp-json\/wp\/v2\/comments?post=232362"}],"version-history":[{"count":0,"href":"https:\/\/www.europesays.com\/pt\/wp-json\/wp\/v2\/posts\/232362\/revisions"}],"wp:featuredmedia":[{"embeddable":true,"href":"https:\/\/www.europesays.com\/pt\/wp-json\/wp\/v2\/media\/225042"}],"wp:attachment":[{"href":"https:\/\/www.europesays.com\/pt\/wp-json\/wp\/v2\/media?parent=232362"}],"wp:term":[{"taxonomy":"category","embeddable":true,"href":"https:\/\/www.europesays.com\/pt\/wp-json\/wp\/v2\/categories?post=232362"},{"taxonomy":"post_tag","embeddable":true,"href":"https:\/\/www.europesays.com\/pt\/wp-json\/wp\/v2\/tags?post=232362"}],"curies":[{"name":"wp","href":"https:\/\/api.w.org\/{rel}","templated":true}]}}