{"id":232389,"date":"2026-01-17T03:52:18","date_gmt":"2026-01-17T03:52:18","guid":{"rendered":"https:\/\/www.europesays.com\/pt\/232389\/"},"modified":"2026-01-17T03:52:18","modified_gmt":"2026-01-17T03:52:18","slug":"ventura-deixa-cair-a-moderacao-recupera-os-tres-salazares-e-quer-ser-como-afonso-henriques-contra-os-mouros-expresso","status":"publish","type":"post","link":"https:\/\/www.europesays.com\/pt\/232389\/","title":{"rendered":"Ventura deixa cair a &quot;modera\u00e7\u00e3o&quot;, recupera os &quot;tr\u00eas Salazares&quot; e quer ser como Afonso Henriques contra &quot;os mouros&quot; &#8211; Expresso"},"content":{"rendered":"<ol>\n<li><a href=\"https:\/\/news.google.com\/rss\/articles\/CBMikgJBVV95cUxOYzlpc0dOZ0lJNDl6SU9EVXFrWjZ6SjdpYWtqQWY1azlvemswblVzLUV1ZXpKMDVDZnZqdVh3d0JyY1dPc18xUkNwZzd2X25fU3k2S1ZQcnNPa1pHRl8xTTZGMXVDa2RGOGlNcEU1VXNscmwtVmNvYzdURHZqdHdqUU1lR255Zkw5YzdVOF9LbHBMUktUUlhDNk90bkRucVhwX1c5Y05xVzRKWUYtTmtBeUZSVXhmWnJENk56NTVGaU9TZ1FqMWZMR1JOV2NlcUhrUHhYLVF6aHEyNUZhUXB2WnRDX0pJbk9zenl6WDk3NWNQeVg5QVdZTS1QV1FPMmtWQTdRRXdDU0NpbWhMUDY2clZB0gGXAkFVX3lxTFBESVAwODFDdFdqZTRKY21NblhPeU9BSGRVcXFUTVNIaDMtRVZaQzc5TW5HbWczcHpqMEo2ZUF4bEdaTmhiX2JfTERxUVNLVzFtRDBhN3JacU5zNWVUUzBpYzBkS1YwMjhRalctT1hhZ0hhNFRSV0hWcUNieHAtcWRlQ09RYXVSN3QwV1c1ZXBVbW5MYWlpNk55X040SHAwY2M0bkJJcGE2NVBvMUNjdmdTczVIZWowUkRnc3BnZWZrRjBXdWJXWnREd0ZFNkVvdVl1NVBER0NyOURoTnF1c2IwUEwwc1ZMRXY3N0ktUnEwVlRGVlBHOThjMk9GYUZWQ2pGMnJZZTBTd1ZOVktyZTVfazhBLTZtZw?oc=5\" target=\"_blank\" rel=\"nofollow noopener\">Ventura deixa cair a &#8220;modera\u00e7\u00e3o&#8221;, recupera os &#8220;tr\u00eas Salazares&#8221; e quer ser como Afonso Henriques contra &#8220;os mouros&#8221;<\/a>&nbsp;&nbsp;Expresso<\/li>\n<li><a href=\"https:\/\/news.google.com\/rss\/articles\/CBMiowFBVV95cUxPU2tKZWZKSHNUaWlXUXlLZUN6ZjVWelpTNDU5OHBmV0pDbl93V2I3cDNQNEI2Tkw5a3VOTklQNXdKcmZsYnBWWENVYXVrRGRqcGsxdkJZREhnS2Z5bVg3OXBjWXpvanBsZ0kzLUZwZ1RHcEFJbjVnMVRIRVhCclBFZTNSWnFuOWJ4SXA2Q3p5ZnhiZ0dSdDRuTkRwZXhMTW1jUDlV?oc=5\" target=\"_blank\" rel=\"nofollow noopener\">&#8220;Quero que Montenegro se lixe, eu quero \u00e9 o povo&#8221;, diz Ventura<\/a>&nbsp;&nbsp;RTP<\/li>\n<li><a href=\"https:\/\/news.google.com\/rss\/articles\/CBMizgFBVV95cUxNRkNhUlhVTTBUR2Q3UWVZNzdpekhvWVYyeUJkcTAzMFJwekozajF2ektDUC1XS3lGdVhoU3pFa1g1MDF5ZldmWEdFMy15bldQZ2lIcFRzYUN2dDg4d25YeE5WYzJBc2NBX0g3d282TDhlQVFveXFRMHFxU0xXbE1EbF8xeXdQNklucG5OZTFBS1FhM19CQ3FDOXhVdHBZaWI2Z3hvR1dvZGtOeS1DRHI3YUtIRHctdC0yVUg0UGJ0dkxqN0lxczJaSlN2YUtXUQ?oc=5\" target=\"_blank\" rel=\"nofollow noopener\">Ventura n\u00e3o esperava &#8220;cartas de amor&#8221; antes da 2.\u00aa volta e duvida que &#8220;nadador de Espinho&#8221; ajude Mendes<\/a>&nbsp;&nbsp;Observador<\/li>\n<li><a href=\"https:\/\/news.google.com\/rss\/articles\/CBMirwFBVV95cUxQcWlFTHh2a1F1d0psa3F1dXJuZTlUOGt0YTBYS0pRX0xMNGNhLXFVUTJjUmxXU1FzNzl2WW5nbndJSHNiTXVfbjFJMk5KUUNXNWFpX1RQdGp5SEJOd3dQU3NNcTdDYnpEa3hMZklyYk5TR0V6V09lX3Z2X2pRM1ZhaXU1dk90Qm1tc0J5N3JFeEFzN1hMX0twX21YeFg1WXhiTzNMVlA5T2d3anJEM1d3?oc=5\" target=\"_blank\" rel=\"nofollow noopener\">SNS no centro da campanha: candidato classifica como &#8220;sem no\u00e7\u00e3o&#8221; quem nega caos<\/a>&nbsp;&nbsp;HealthNews<\/li>\n<li><a href=\"https:\/\/news.google.com\/rss\/articles\/CBMiwgFBVV95cUxOSjM4bkhZa0xGdHJUWXoyZzdUQUlyTVZ3cnZ4Wk41QzhTdURaZjVKNlFzcWJxZlRtX0F6R3AzUVFzWUQyMlZQbHRFVkJqYkpPdTI5dHN0WmxjV1p5N19hNEtDMEh2SDlOLWMwRWppNmJLak1JbmJKc1paclRoQVowOEpiS25yb0pLTUtJSEp5anpBTXRHVmNDTjRURjBNM2phOHNPYUgxSTVGMXJ1eER3cm1KU1pyUWRiYmlWMEN6djVDdw?oc=5\" target=\"_blank\" rel=\"nofollow noopener\">Ventura tentou vestir fato da modera\u00e7\u00e3o sem deixar fugir eleitorado do Chega<\/a>&nbsp;&nbsp;SAPO<\/li>\n<\/ol>\n","protected":false},"excerpt":{"rendered":"Ventura deixa cair a &#8220;modera\u00e7\u00e3o&#8221;, recupera os &#8220;tr\u00eas Salazares&#8221; e quer ser como Afonso Henriques contra &#8220;os mouros&#8221;&nbsp;&nbsp;Expresso&hellip;\n","protected":false},"author":2,"featured_media":232390,"comment_status":"","ping_status":"","sticky":false,"template":"","format":"standard","meta":{"footnotes":""},"categories":[10],"tags":[27,28,15,16,14,25,26,21,22,12,13,19,20,32,23,24,33,17,18,29,30,31],"class_list":{"0":"post-232389","1":"post","2":"type-post","3":"status-publish","4":"format-standard","5":"has-post-thumbnail","7":"category-portugal","8":"tag-breaking-news","9":"tag-breakingnews","10":"tag-featured-news","11":"tag-featurednews","12":"tag-headlines","13":"tag-latest-news","14":"tag-latestnews","15":"tag-main-news","16":"tag-mainnews","17":"tag-news","18":"tag-noticias","19":"tag-noticias-principais","20":"tag-noticiasprincipais","21":"tag-portugal","22":"tag-principais-noticias","23":"tag-principaisnoticias","24":"tag-pt","25":"tag-top-stories","26":"tag-topstories","27":"tag-ultimas","28":"tag-ultimas-noticias","29":"tag-ultimasnoticias"},"share_on_mastodon":{"url":"https:\/\/pubeurope.com\/@pt\/115908414160109053","error":""},"_links":{"self":[{"href":"https:\/\/www.europesays.com\/pt\/wp-json\/wp\/v2\/posts\/232389","targetHints":{"allow":["GET"]}}],"collection":[{"href":"https:\/\/www.europesays.com\/pt\/wp-json\/wp\/v2\/posts"}],"about":[{"href":"https:\/\/www.europesays.com\/pt\/wp-json\/wp\/v2\/types\/post"}],"author":[{"embeddable":true,"href":"https:\/\/www.europesays.com\/pt\/wp-json\/wp\/v2\/users\/2"}],"replies":[{"embeddable":true,"href":"https:\/\/www.europesays.com\/pt\/wp-json\/wp\/v2\/comments?post=232389"}],"version-history":[{"count":0,"href":"https:\/\/www.europesays.com\/pt\/wp-json\/wp\/v2\/posts\/232389\/revisions"}],"wp:featuredmedia":[{"embeddable":true,"href":"https:\/\/www.europesays.com\/pt\/wp-json\/wp\/v2\/media\/232390"}],"wp:attachment":[{"href":"https:\/\/www.europesays.com\/pt\/wp-json\/wp\/v2\/media?parent=232389"}],"wp:term":[{"taxonomy":"category","embeddable":true,"href":"https:\/\/www.europesays.com\/pt\/wp-json\/wp\/v2\/categories?post=232389"},{"taxonomy":"post_tag","embeddable":true,"href":"https:\/\/www.europesays.com\/pt\/wp-json\/wp\/v2\/tags?post=232389"}],"curies":[{"name":"wp","href":"https:\/\/api.w.org\/{rel}","templated":true}]}}