{"id":232391,"date":"2026-01-17T03:54:08","date_gmt":"2026-01-17T03:54:08","guid":{"rendered":"https:\/\/www.europesays.com\/pt\/232391\/"},"modified":"2026-01-17T03:54:08","modified_gmt":"2026-01-17T03:54:08","slug":"naldo-benny-e-criticado-apos-alimentar-gaivotas-em-passeio-de-lancha","status":"publish","type":"post","link":"https:\/\/www.europesays.com\/pt\/232391\/","title":{"rendered":"Naldo Benny \u00e9 criticado ap\u00f3s alimentar gaivotas em passeio de lancha"},"content":{"rendered":"<p data-end=\"1575\" data-start=\"1319\" class=\"bullet mt-0\" data-v-232111b4=\"\"><strong>A pr\u00e1tica \u00e9 proibida em Cabo Frio desde abril de 2022.<\/strong> De acordo com a Lei Municipal n\u00ba 3.487, \u00e9 proibido alimentar aves de qualquer esp\u00e9cie em praias e demais espa\u00e7os p\u00fablicos. O descumprimento pode resultar em notifica\u00e7\u00e3o e aplica\u00e7\u00e3o de multa.<\/p>\n<p data-end=\"1877\" data-start=\"1577\" class=\"bullet\" data-v-232111b4=\"\"><strong>Em nota enviada a Splash, a Secretaria de Meio Ambiente de Cabo Frio informou que tomou conhecimento do caso. <\/strong>&#8220;Ap\u00f3s o recebimento do alerta, a Secretaria acionou a Guarda Mar\u00edtima e Ambiental, que se deslocou prontamente at\u00e9 o local para notificar o cantor&#8221;, diz trecho do comunicado. <\/p>\n<p data-end=\"2225\" data-start=\"1879\" class=\"bullet\" data-v-232111b4=\"\"><strong>Naldo Benny disse a Splash que foi abordado por Guardas Ambientais. <\/strong>&#8220;N\u00e3o me notificaram. Falaram &#8216;queria pedir desculpas, mas \u00e9 o nosso trabalho, quero te informar&#8217; e eu falei &#8216;cara, n\u00e3o sabia&#8217;. Nem desculpas pedi, porque n\u00e3o sabia&#8221;, afirmou o cantor. &#8220;Atendi um pedido da minha esposa e da minha filha pra brincar ali com os p\u00e1ssaros&#8221;, completou. <\/p>\n<p data-end=\"2539\" data-start=\"2227\" class=\"bullet\" data-v-232111b4=\"\"><strong>O cantor tamb\u00e9m sugeriu que a prefeitura de Cabo Frio melhore a comunica\u00e7\u00e3o sobre a proibi\u00e7\u00e3o. <\/strong>&#8220;Nunca chegou pra mim que era proibido fazer isso. Inclusive, vi ao meu redor, nas outras lanchas, todo mundo fazendo. Ent\u00e3o, assim como eu n\u00e3o sabia, as outras pessoas tamb\u00e9m n\u00e3o sabiam&#8221;.<\/p>\n","protected":false},"excerpt":{"rendered":"A pr\u00e1tica \u00e9 proibida em Cabo Frio desde abril de 2022. De acordo com a Lei Municipal n\u00ba&hellip;\n","protected":false},"author":2,"featured_media":232392,"comment_status":"","ping_status":"","sticky":false,"template":"","format":"standard","meta":{"footnotes":""},"categories":[145],"tags":[211,210,114,115,32,33],"class_list":{"0":"post-232391","1":"post","2":"type-post","3":"status-publish","4":"format-standard","5":"has-post-thumbnail","7":"category-celebridades","8":"tag-celebridades","9":"tag-celebrities","10":"tag-entertainment","11":"tag-entretenimento","12":"tag-portugal","13":"tag-pt"},"share_on_mastodon":{"url":"https:\/\/pubeurope.com\/@pt\/115908422088336332","error":""},"_links":{"self":[{"href":"https:\/\/www.europesays.com\/pt\/wp-json\/wp\/v2\/posts\/232391","targetHints":{"allow":["GET"]}}],"collection":[{"href":"https:\/\/www.europesays.com\/pt\/wp-json\/wp\/v2\/posts"}],"about":[{"href":"https:\/\/www.europesays.com\/pt\/wp-json\/wp\/v2\/types\/post"}],"author":[{"embeddable":true,"href":"https:\/\/www.europesays.com\/pt\/wp-json\/wp\/v2\/users\/2"}],"replies":[{"embeddable":true,"href":"https:\/\/www.europesays.com\/pt\/wp-json\/wp\/v2\/comments?post=232391"}],"version-history":[{"count":0,"href":"https:\/\/www.europesays.com\/pt\/wp-json\/wp\/v2\/posts\/232391\/revisions"}],"wp:featuredmedia":[{"embeddable":true,"href":"https:\/\/www.europesays.com\/pt\/wp-json\/wp\/v2\/media\/232392"}],"wp:attachment":[{"href":"https:\/\/www.europesays.com\/pt\/wp-json\/wp\/v2\/media?parent=232391"}],"wp:term":[{"taxonomy":"category","embeddable":true,"href":"https:\/\/www.europesays.com\/pt\/wp-json\/wp\/v2\/categories?post=232391"},{"taxonomy":"post_tag","embeddable":true,"href":"https:\/\/www.europesays.com\/pt\/wp-json\/wp\/v2\/tags?post=232391"}],"curies":[{"name":"wp","href":"https:\/\/api.w.org\/{rel}","templated":true}]}}