{"id":232395,"date":"2026-01-17T04:01:36","date_gmt":"2026-01-17T04:01:36","guid":{"rendered":"https:\/\/www.europesays.com\/pt\/232395\/"},"modified":"2026-01-17T04:01:36","modified_gmt":"2026-01-17T04:01:36","slug":"opas-abre-processo-seletivo-para-contratacao-de-escritorio-de-advocacia-no-brasil-opas-oms","status":"publish","type":"post","link":"https:\/\/www.europesays.com\/pt\/232395\/","title":{"rendered":"OPAS abre processo seletivo para contrata\u00e7\u00e3o de escrit\u00f3rio de advocacia no Brasil &#8211; OPAS\/OMS"},"content":{"rendered":"<p>A representa\u00e7\u00e3o da Organiza\u00e7\u00e3o Pan-Americana da Sa\u00fade (OPAS) e da Organiza\u00e7\u00e3o Mundial da Sa\u00fade (OMS) no Brasil abriu processo seletivo para a contrata\u00e7\u00e3o de um escrit\u00f3rio de advocacia no Brasil. O prazo para envio de proposta t\u00e9cnica e financeira \u00e9 23 de janeiro de 2026.<\/p>\n<p>Poder\u00e3o participar do processo seletivo escrit\u00f3rios com registro ativo na Ordem dos Advogados do Brasil (OAB), com no m\u00ednimo 10 anos de experi\u00eancia comprovada em assessoria jur\u00eddica, e conhecimento s\u00f3lido em \u00e1reas como direito trabalhista, tribut\u00e1rio, civil, contratual, administrativo e societ\u00e1rio. Experi\u00eancia pr\u00e9via com organiza\u00e7\u00f5es internacionais ou com o Sistema das Na\u00e7\u00f5es Unidas ser\u00e1 considerada um diferencial, assim como a capacidade de comunica\u00e7\u00e3o t\u00e9cnica em portugu\u00eas e ingl\u00eas.<\/p>\n<p>As propostas ser\u00e3o avaliadas com base em crit\u00e9rios t\u00e9cnicos e financeiros, incluindo a experi\u00eancia e reputa\u00e7\u00e3o institucional do escrit\u00f3rio, as qualifica\u00e7\u00f5es da equipe designada, a metodologia de trabalho e a capacidade de resposta, al\u00e9m da proposta financeira.<\/p>\n","protected":false},"excerpt":{"rendered":"A representa\u00e7\u00e3o da Organiza\u00e7\u00e3o Pan-Americana da Sa\u00fade (OPAS) e da Organiza\u00e7\u00e3o Mundial da Sa\u00fade (OMS) no Brasil abriu&hellip;\n","protected":false},"author":2,"featured_media":232396,"comment_status":"","ping_status":"","sticky":false,"template":"","format":"standard","meta":{"footnotes":""},"categories":[86],"tags":[116,32,33,117],"class_list":{"0":"post-232395","1":"post","2":"type-post","3":"status-publish","4":"format-standard","5":"has-post-thumbnail","7":"category-saude","8":"tag-health","9":"tag-portugal","10":"tag-pt","11":"tag-saude"},"share_on_mastodon":{"url":"https:\/\/pubeurope.com\/@pt\/115908449552142076","error":""},"_links":{"self":[{"href":"https:\/\/www.europesays.com\/pt\/wp-json\/wp\/v2\/posts\/232395","targetHints":{"allow":["GET"]}}],"collection":[{"href":"https:\/\/www.europesays.com\/pt\/wp-json\/wp\/v2\/posts"}],"about":[{"href":"https:\/\/www.europesays.com\/pt\/wp-json\/wp\/v2\/types\/post"}],"author":[{"embeddable":true,"href":"https:\/\/www.europesays.com\/pt\/wp-json\/wp\/v2\/users\/2"}],"replies":[{"embeddable":true,"href":"https:\/\/www.europesays.com\/pt\/wp-json\/wp\/v2\/comments?post=232395"}],"version-history":[{"count":0,"href":"https:\/\/www.europesays.com\/pt\/wp-json\/wp\/v2\/posts\/232395\/revisions"}],"wp:featuredmedia":[{"embeddable":true,"href":"https:\/\/www.europesays.com\/pt\/wp-json\/wp\/v2\/media\/232396"}],"wp:attachment":[{"href":"https:\/\/www.europesays.com\/pt\/wp-json\/wp\/v2\/media?parent=232395"}],"wp:term":[{"taxonomy":"category","embeddable":true,"href":"https:\/\/www.europesays.com\/pt\/wp-json\/wp\/v2\/categories?post=232395"},{"taxonomy":"post_tag","embeddable":true,"href":"https:\/\/www.europesays.com\/pt\/wp-json\/wp\/v2\/tags?post=232395"}],"curies":[{"name":"wp","href":"https:\/\/api.w.org\/{rel}","templated":true}]}}