{"id":232397,"date":"2026-01-17T04:06:25","date_gmt":"2026-01-17T04:06:25","guid":{"rendered":"https:\/\/www.europesays.com\/pt\/232397\/"},"modified":"2026-01-17T04:06:25","modified_gmt":"2026-01-17T04:06:25","slug":"caso-carloto-cotta-alegada-vitima-recorre-da-absolvicao-e-aponta-erro-absolutamente-lastimavel-da-gnr","status":"publish","type":"post","link":"https:\/\/www.europesays.com\/pt\/232397\/","title":{"rendered":"Caso Carloto Cotta: alegada v\u00edtima recorre da absolvi\u00e7\u00e3o e aponta \u201cerro absolutamente lastim\u00e1vel\u201d da GNR"},"content":{"rendered":"<p>O ator Carloto Cotta, que estava acusado de nove crimes, incluindo viola\u00e7\u00e3o e sequestro, foi recentemente absolvido pelo Tribunal de Sintra. A defesa da alegada v\u00edtima interp\u00f4s agora um recurso da decis\u00e3o, apontando um \u201cerro lastim\u00e1vel\u201d na atua\u00e7\u00e3o de um militar da GNR que, sustenta, \u201cpoder\u00e1 ter comprometido toda a investiga\u00e7\u00e3o e afetado a credibilidade da v\u00edtima\u201d<\/p>\n","protected":false},"excerpt":{"rendered":"O ator Carloto Cotta, que estava acusado de nove crimes, incluindo viola\u00e7\u00e3o e sequestro, foi recentemente absolvido pelo&hellip;\n","protected":false},"author":2,"featured_media":232398,"comment_status":"","ping_status":"","sticky":false,"template":"","format":"standard","meta":{"footnotes":""},"categories":[10],"tags":[27,28,15,16,14,25,26,21,22,12,13,19,20,32,23,24,33,17,18,29,30,31],"class_list":{"0":"post-232397","1":"post","2":"type-post","3":"status-publish","4":"format-standard","5":"has-post-thumbnail","7":"category-portugal","8":"tag-breaking-news","9":"tag-breakingnews","10":"tag-featured-news","11":"tag-featurednews","12":"tag-headlines","13":"tag-latest-news","14":"tag-latestnews","15":"tag-main-news","16":"tag-mainnews","17":"tag-news","18":"tag-noticias","19":"tag-noticias-principais","20":"tag-noticiasprincipais","21":"tag-portugal","22":"tag-principais-noticias","23":"tag-principaisnoticias","24":"tag-pt","25":"tag-top-stories","26":"tag-topstories","27":"tag-ultimas","28":"tag-ultimas-noticias","29":"tag-ultimasnoticias"},"share_on_mastodon":{"url":"https:\/\/pubeurope.com\/@pt\/115908469254568595","error":""},"_links":{"self":[{"href":"https:\/\/www.europesays.com\/pt\/wp-json\/wp\/v2\/posts\/232397","targetHints":{"allow":["GET"]}}],"collection":[{"href":"https:\/\/www.europesays.com\/pt\/wp-json\/wp\/v2\/posts"}],"about":[{"href":"https:\/\/www.europesays.com\/pt\/wp-json\/wp\/v2\/types\/post"}],"author":[{"embeddable":true,"href":"https:\/\/www.europesays.com\/pt\/wp-json\/wp\/v2\/users\/2"}],"replies":[{"embeddable":true,"href":"https:\/\/www.europesays.com\/pt\/wp-json\/wp\/v2\/comments?post=232397"}],"version-history":[{"count":0,"href":"https:\/\/www.europesays.com\/pt\/wp-json\/wp\/v2\/posts\/232397\/revisions"}],"wp:featuredmedia":[{"embeddable":true,"href":"https:\/\/www.europesays.com\/pt\/wp-json\/wp\/v2\/media\/232398"}],"wp:attachment":[{"href":"https:\/\/www.europesays.com\/pt\/wp-json\/wp\/v2\/media?parent=232397"}],"wp:term":[{"taxonomy":"category","embeddable":true,"href":"https:\/\/www.europesays.com\/pt\/wp-json\/wp\/v2\/categories?post=232397"},{"taxonomy":"post_tag","embeddable":true,"href":"https:\/\/www.europesays.com\/pt\/wp-json\/wp\/v2\/tags?post=232397"}],"curies":[{"name":"wp","href":"https:\/\/api.w.org\/{rel}","templated":true}]}}