{"id":232405,"date":"2026-01-17T04:13:13","date_gmt":"2026-01-17T04:13:13","guid":{"rendered":"https:\/\/www.europesays.com\/pt\/232405\/"},"modified":"2026-01-17T04:13:13","modified_gmt":"2026-01-17T04:13:13","slug":"filme-preludio-de-invocacao-do-mal-ganha-titulo-e-data-de-estreia","status":"publish","type":"post","link":"https:\/\/www.europesays.com\/pt\/232405\/","title":{"rendered":"Filme prel\u00fadio de Invoca\u00e7\u00e3o do Mal ganha t\u00edtulo e data de estreia"},"content":{"rendered":"<p class=\"wp-block-yoast-seo-estimated-reading-time yoast-reading-time__wrapper\">Estimated reading time: 2 minutos<\/p>\n<p>De acordo com <strong>Deadline<\/strong>, <strong>Warner Bros. <\/strong>e a <strong>New Line Cinema<\/strong> definiram a data de estreia de <strong>The Conjuring: First Communion<\/strong>, filme prel\u00fadio da franquia <a href=\"https:\/\/ovicio.com.br\/tag\/invocacao-do-mal-4\/\" target=\"_blank\" rel=\"noreferrer noopener nofollow\">Invoca\u00e7\u00e3o do Mal<\/a>.<\/p>\n<p>O desenvolvimento est\u00e1 em andamento numa colabora\u00e7\u00e3o entre a <strong>Peter Safran Company<\/strong> e a <strong>Atomic Monster<\/strong>, chegando aos cinemas em <strong>10 de setembro de 2027<\/strong>, uma data tradicionalmente valorizada pelo est\u00fadio para produ\u00e7\u00f5es de terror.<\/p>\n<p>Sabemos que <strong>Rodrigue Huart<\/strong> cuidar\u00e1 da dire\u00e7\u00e3o, com roteiro assinado por <strong>Richard Naing<\/strong> e <strong>Ian Goldberg<\/strong>.<\/p>\n<p><strong>Patrick Wilson<\/strong> e <strong>Vera Farmiga<\/strong> n\u00e3o devem retornar como Ed e Lorraine Warren. Tudo indica que atores mais jovens interpretar\u00e3o os protagonistas.<\/p>\n<p>Vale lembrar que uma s\u00e9rie tamb\u00e9m est\u00e1 em desenvolvimento na\u00a0<strong>HBO<\/strong>, com\u00a0<strong>Nancy Won<\/strong>\u00a0(Jessica Jones) como roteirista-chefe, acompanhada por\u00a0<strong>Peter Cameron<\/strong>\u00a0(WandaVision) e\u00a0<strong>Cameron Squires<\/strong>\u00a0(Gen V).<\/p>\n<p>Leia tamb\u00e9m sobre Invoca\u00e7\u00e3o do Mal:<\/p>\n<p><strong>Invoca\u00e7\u00e3o do Mal 4: O \u00daltimo Ritual<\/strong>\u00a0arrecadou impressionantes\u00a0<strong>US$ 494 milh\u00f5es<\/strong>\u00a0ao redor do mundo. Trata-se de um desempenho robusto, que deu ao est\u00fadio a confian\u00e7a necess\u00e1ria para acelerar a produ\u00e7\u00e3o deste pr\u00f3ximo cap\u00edtulo.<\/p>\n<p><strong>Fonte<\/strong>: <a href=\"https:\/\/deadline.com\/2026\/01\/conjuring-first-communion-great-beyond-panic-carefully-release-dates-1236685371\/\" target=\"_blank\" rel=\"noreferrer noopener nofollow\">Deadline<\/a><\/p>\n","protected":false},"excerpt":{"rendered":"Estimated reading time: 2 minutos De acordo com Deadline, Warner Bros. e a New Line Cinema definiram a&hellip;\n","protected":false},"author":2,"featured_media":232406,"comment_status":"","ping_status":"","sticky":false,"template":"","format":"standard","meta":{"footnotes":""},"categories":[140],"tags":[1661,114,115,147,148,17384,146,32,33],"class_list":{"0":"post-232405","1":"post","2":"type-post","3":"status-publish","4":"format-standard","5":"has-post-thumbnail","7":"category-filmes","8":"tag-destaque","9":"tag-entertainment","10":"tag-entretenimento","11":"tag-film","12":"tag-filmes","13":"tag-invocacao-do-mal","14":"tag-movies","15":"tag-portugal","16":"tag-pt"},"share_on_mastodon":{"url":"https:\/\/pubeurope.com\/@pt\/115908496732771877","error":""},"_links":{"self":[{"href":"https:\/\/www.europesays.com\/pt\/wp-json\/wp\/v2\/posts\/232405","targetHints":{"allow":["GET"]}}],"collection":[{"href":"https:\/\/www.europesays.com\/pt\/wp-json\/wp\/v2\/posts"}],"about":[{"href":"https:\/\/www.europesays.com\/pt\/wp-json\/wp\/v2\/types\/post"}],"author":[{"embeddable":true,"href":"https:\/\/www.europesays.com\/pt\/wp-json\/wp\/v2\/users\/2"}],"replies":[{"embeddable":true,"href":"https:\/\/www.europesays.com\/pt\/wp-json\/wp\/v2\/comments?post=232405"}],"version-history":[{"count":0,"href":"https:\/\/www.europesays.com\/pt\/wp-json\/wp\/v2\/posts\/232405\/revisions"}],"wp:featuredmedia":[{"embeddable":true,"href":"https:\/\/www.europesays.com\/pt\/wp-json\/wp\/v2\/media\/232406"}],"wp:attachment":[{"href":"https:\/\/www.europesays.com\/pt\/wp-json\/wp\/v2\/media?parent=232405"}],"wp:term":[{"taxonomy":"category","embeddable":true,"href":"https:\/\/www.europesays.com\/pt\/wp-json\/wp\/v2\/categories?post=232405"},{"taxonomy":"post_tag","embeddable":true,"href":"https:\/\/www.europesays.com\/pt\/wp-json\/wp\/v2\/tags?post=232405"}],"curies":[{"name":"wp","href":"https:\/\/api.w.org\/{rel}","templated":true}]}}