{"id":232409,"date":"2026-01-17T04:22:07","date_gmt":"2026-01-17T04:22:07","guid":{"rendered":"https:\/\/www.europesays.com\/pt\/232409\/"},"modified":"2026-01-17T04:22:07","modified_gmt":"2026-01-17T04:22:07","slug":"casa-comigo-fara-desfile-de-sosias-de-wagner-moura","status":"publish","type":"post","link":"https:\/\/www.europesays.com\/pt\/232409\/","title":{"rendered":"Casa Comigo far\u00e1 desfile de s\u00f3sias de Wagner Moura"},"content":{"rendered":"<p>O <strong>Bloco Casa Comigo<\/strong>, um dois maiores bloquinhos de rua do Carnaval de S\u00e3o Paulo, ter\u00e1 como tema de 2026 o cinema nacional. E para prestigiar as vit\u00f3rias de <strong>Wagner Moura<\/strong> e de <strong>O Agente Secreto<\/strong> na temporada de premia\u00e7\u00f5es, o bloco organizar\u00e1 um concurso de s\u00f3sias do ator e da personagem Dona Sebastiana, personagem da atriz <strong>T\u00e2nia Maria <\/strong>no filme.<\/p>\n<p>O <strong id=\"docs-internal-guid-8f99767f-7fff-ff06-53b2-238f71fc5702\">Concurso de S\u00f3sias de Wagner Moura e de Dona Sebastiana <\/strong>acontecer\u00e1 no dia 24 de janeiro, no Goela Bar, na Vila Madalena. Quem for caracterizado ganha ingressos para a festa, al\u00e9m de concorrer a outros pr\u00eamios especiais, como acesso ao trio el\u00e9trico no dia do desfile oficial e um kit exclusivo do bloco.<\/p>\n<p>            Continua depois da Publicidade<\/p>\n<p>J\u00e1 o desfile oficial, acontece no dia <strong>7 de fevereiro<\/strong>, ao meio-dia, na rua Henrique Schaumann, 567. No bloco, a organiza\u00e7\u00e3o vai apresentar o tema \u201cCarnaval de Cinema\u201d, uma homenagem irreverente e popular \u00e0 s\u00e9tima arte. A proposta conecta o universo cinematogr\u00e1fico \u00e0 ess\u00eancia do carnaval, personagens marcantes, exagero, emo\u00e7\u00e3o, fantasia e grandiosidade.\u00a0<\/p>\n<p>No repert\u00f3rio, sucessos do pop, ax\u00e9 e funk se misturam \u00e0s trilhas ic\u00f4nicas do cinema, reinventadas em vers\u00f5es carnavalescas, dan\u00e7antes e cheias de humor, marca registrada do Casa Comigo.<\/p>\n<p>\u201cCarnaval e cinema t\u00eam muito mais a ver do que parece, os dois s\u00e3o emocionantes, cheios de personagens e trilhas marcantes. No carnaval, todo mundo vira estrela, figurante, vil\u00e3o ou mocinho ao mesmo tempo. A ideia do Carnaval de Cinema \u00e9 brincar com isso, com fantasia, m\u00fasica, tapete vermelho e aquela bagun\u00e7a bonita que a gente tanto gosta\u201d, comentou Raphael Guedes, um dos fundadores do bloco, em um comunicado oficial.<\/p>\n<p>    <strong>Tudo sobre\u00a0O Agente Secreto<\/strong><\/p>\n<p>Ambientada em Recife, em 1977, a hist\u00f3ria acompanha Marcelo (Wagner Moura), um especialista em tecnologia que retorna \u00e0 capital pernambucana ap\u00f3s anos fora em busca de paz, apenas para descobrir que sua cidade natal esconde perigos e segredos inquietantes.<\/p>\n<p>            Continua depois da Publicidade<\/p>\n<p data-gtm-vis-first-on-screen67967661_30=\"2275\" data-gtm-vis-has-fired67967661_30=\"1\" data-gtm-vis-total-visible-time67967661_30=\"100\">A obra tra\u00e7a um panorama da sociedade e da pol\u00edtica brasileira nos anos 70, tocando atrav\u00e9s dele em temas como repress\u00e3o pol\u00edtica, restri\u00e7\u00e3o de direitos e o uso da tecnologia como ferramenta do controle totalit\u00e1rio.<\/p>\n<p>O elenco do thriller pol\u00edtico re\u00fane ainda grandes nomes do cinema brasileiro, incluindo\u00a0<strong>Maria Fernanda C\u00e2ndido<\/strong>,\u00a0<strong>Gabriel Leone<\/strong>,\u00a0<strong>Carlos Francisco<\/strong>,\u00a0<strong>Alice Carvalho<\/strong>,<strong>\u00a0Rob\u00e9rio Diogenes<\/strong>,\u00a0<strong>Hermila Guedes<\/strong>, entre outros.\u00a0<strong>Udo Kier<\/strong>, de\u00a0<strong>Bacurau<\/strong>, tamb\u00e9m est\u00e1 no filme. A dire\u00e7\u00e3o \u00e9 de Kleber Mendon\u00e7a Filho, que tamb\u00e9m assina o roteiro.<\/p>\n<p>No\u00a0<strong>Festival de Cannes<\/strong>\u00a0deste ano,\u00a0O Agente Secreto\u00a0teve um resultado hist\u00f3rico, levando para casa dois trof\u00e9us: Kleber Mendon\u00e7a Filho venceu o pr\u00eamio de Melhor Dire\u00e7\u00e3o, e Wagner Moura recebeu o pr\u00eamio de Melhor Ator.<\/p>\n","protected":false},"excerpt":{"rendered":"O Bloco Casa Comigo, um dois maiores bloquinhos de rua do Carnaval de S\u00e3o Paulo, ter\u00e1 como tema&hellip;\n","protected":false},"author":2,"featured_media":232410,"comment_status":"","ping_status":"","sticky":false,"template":"","format":"standard","meta":{"footnotes":""},"categories":[145],"tags":[211,210,114,115,32,33],"class_list":{"0":"post-232409","1":"post","2":"type-post","3":"status-publish","4":"format-standard","5":"has-post-thumbnail","7":"category-celebridades","8":"tag-celebridades","9":"tag-celebrities","10":"tag-entertainment","11":"tag-entretenimento","12":"tag-portugal","13":"tag-pt"},"share_on_mastodon":{"url":"https:\/\/pubeurope.com\/@pt\/115908532162626311","error":""},"_links":{"self":[{"href":"https:\/\/www.europesays.com\/pt\/wp-json\/wp\/v2\/posts\/232409","targetHints":{"allow":["GET"]}}],"collection":[{"href":"https:\/\/www.europesays.com\/pt\/wp-json\/wp\/v2\/posts"}],"about":[{"href":"https:\/\/www.europesays.com\/pt\/wp-json\/wp\/v2\/types\/post"}],"author":[{"embeddable":true,"href":"https:\/\/www.europesays.com\/pt\/wp-json\/wp\/v2\/users\/2"}],"replies":[{"embeddable":true,"href":"https:\/\/www.europesays.com\/pt\/wp-json\/wp\/v2\/comments?post=232409"}],"version-history":[{"count":0,"href":"https:\/\/www.europesays.com\/pt\/wp-json\/wp\/v2\/posts\/232409\/revisions"}],"wp:featuredmedia":[{"embeddable":true,"href":"https:\/\/www.europesays.com\/pt\/wp-json\/wp\/v2\/media\/232410"}],"wp:attachment":[{"href":"https:\/\/www.europesays.com\/pt\/wp-json\/wp\/v2\/media?parent=232409"}],"wp:term":[{"taxonomy":"category","embeddable":true,"href":"https:\/\/www.europesays.com\/pt\/wp-json\/wp\/v2\/categories?post=232409"},{"taxonomy":"post_tag","embeddable":true,"href":"https:\/\/www.europesays.com\/pt\/wp-json\/wp\/v2\/tags?post=232409"}],"curies":[{"name":"wp","href":"https:\/\/api.w.org\/{rel}","templated":true}]}}