{"id":232417,"date":"2026-01-17T04:36:10","date_gmt":"2026-01-17T04:36:10","guid":{"rendered":"https:\/\/www.europesays.com\/pt\/232417\/"},"modified":"2026-01-17T04:36:10","modified_gmt":"2026-01-17T04:36:10","slug":"juju-ferrari-faz-periodo-de-celibato-apos-nascimento-do-quinto-filho","status":"publish","type":"post","link":"https:\/\/www.europesays.com\/pt\/232417\/","title":{"rendered":"Juju Ferrari faz per\u00edodo de celibato ap\u00f3s nascimento do quinto filho"},"content":{"rendered":"<p data-end=\"1397\" data-start=\"1110\" class=\"bullet mt-0\" data-v-232111b4=\"\"><strong>A influenciadora tamb\u00e9m comentou que a maternidade m\u00faltipla transformou sua vis\u00e3o sobre relacionamentos e exposi\u00e7\u00e3o pessoal.<\/strong> &#8220;Cada gesta\u00e7\u00e3o \u00e9 diferente, mas, no meu quinto filho, senti que precisava pausar tudo. O celibato foi uma forma de me escutar e de respeitar esse momento&#8221;, disse.<\/p>\n<p data-end=\"1643\" data-start=\"1399\" class=\"bullet\" data-v-232111b4=\"\"><strong>Juju Ferrari destacou que a decis\u00e3o n\u00e3o tem prazo e n\u00e3o est\u00e1 ligada a frustra\u00e7\u00f5es amorosas, mas a um processo interno de autoconhecimento. <\/strong>Ela ressaltou que ser m\u00e3e de cinco filhos trouxe uma nova perspectiva sobre tempo, afeto e prioridades: &#8220;Ser m\u00e3e de cinco filhos muda completamente a forma como voc\u00ea v\u00ea o corpo, o afeto e o tempo. O celibato foi uma consequ\u00eancia natural disso&#8221;, afirmou.<\/p>\n<p data-end=\"2075\" data-start=\"1798\" class=\"bullet\" data-v-232111b4=\"\"><strong>Al\u00e9m disso, a influenciadora diz acreditar que falar abertamente sobre o assunto ajuda a ampliar a discuss\u00e3o sobre o p\u00f3s-parto.<\/strong> &#8220;Existe uma expectativa de que a mulher volte r\u00e1pido \u00e0 vida normal depois de ter filho, inclusive \u00e0 vida sexual. Nem sempre isso faz sentido&#8221;, comentou.<\/p>\n<p data-end=\"2235\" data-start=\"2077\" class=\"bullet\" data-v-232111b4=\"\"><strong>Para Juju, o celibato representa tamb\u00e9m uma forma de cuidado pessoal neste momento da vida <\/strong>&#8220;O celibato tamb\u00e9m pode ser uma forma de autocuidado&#8221;, concluiu.<\/p>\n","protected":false},"excerpt":{"rendered":"A influenciadora tamb\u00e9m comentou que a maternidade m\u00faltipla transformou sua vis\u00e3o sobre relacionamentos e exposi\u00e7\u00e3o pessoal. &#8220;Cada gesta\u00e7\u00e3o&hellip;\n","protected":false},"author":2,"featured_media":52308,"comment_status":"","ping_status":"","sticky":false,"template":"","format":"standard","meta":{"footnotes":""},"categories":[145],"tags":[211,210,114,115,32,33],"class_list":{"0":"post-232417","1":"post","2":"type-post","3":"status-publish","4":"format-standard","5":"has-post-thumbnail","7":"category-celebridades","8":"tag-celebridades","9":"tag-celebrities","10":"tag-entertainment","11":"tag-entretenimento","12":"tag-portugal","13":"tag-pt"},"share_on_mastodon":{"url":"https:\/\/pubeurope.com\/@pt\/115908587183206951","error":""},"_links":{"self":[{"href":"https:\/\/www.europesays.com\/pt\/wp-json\/wp\/v2\/posts\/232417","targetHints":{"allow":["GET"]}}],"collection":[{"href":"https:\/\/www.europesays.com\/pt\/wp-json\/wp\/v2\/posts"}],"about":[{"href":"https:\/\/www.europesays.com\/pt\/wp-json\/wp\/v2\/types\/post"}],"author":[{"embeddable":true,"href":"https:\/\/www.europesays.com\/pt\/wp-json\/wp\/v2\/users\/2"}],"replies":[{"embeddable":true,"href":"https:\/\/www.europesays.com\/pt\/wp-json\/wp\/v2\/comments?post=232417"}],"version-history":[{"count":0,"href":"https:\/\/www.europesays.com\/pt\/wp-json\/wp\/v2\/posts\/232417\/revisions"}],"wp:featuredmedia":[{"embeddable":true,"href":"https:\/\/www.europesays.com\/pt\/wp-json\/wp\/v2\/media\/52308"}],"wp:attachment":[{"href":"https:\/\/www.europesays.com\/pt\/wp-json\/wp\/v2\/media?parent=232417"}],"wp:term":[{"taxonomy":"category","embeddable":true,"href":"https:\/\/www.europesays.com\/pt\/wp-json\/wp\/v2\/categories?post=232417"},{"taxonomy":"post_tag","embeddable":true,"href":"https:\/\/www.europesays.com\/pt\/wp-json\/wp\/v2\/tags?post=232417"}],"curies":[{"name":"wp","href":"https:\/\/api.w.org\/{rel}","templated":true}]}}