{"id":232418,"date":"2026-01-17T04:39:24","date_gmt":"2026-01-17T04:39:24","guid":{"rendered":"https:\/\/www.europesays.com\/pt\/232418\/"},"modified":"2026-01-17T04:39:24","modified_gmt":"2026-01-17T04:39:24","slug":"olivia-ortiz-celebra-grande-conquista","status":"publish","type":"post","link":"https:\/\/www.europesays.com\/pt\/232418\/","title":{"rendered":"Ol\u00edvia Ortiz celebra grande conquista"},"content":{"rendered":"<p><a href=\"https:\/\/www.atelevisao.com\/famosos\/olivia-ortiz-revela-que-conta-seguiria-se-so-pudesse-seguir-uma-no-instagram\/\" rel=\"nofollow noopener\" target=\"_blank\">Ol\u00edvia Ortiz<\/a> revelou aos seguidores, atrav\u00e9s do <a href=\"https:\/\/www.instagram.com\/_oliviaortiz\/\" target=\"_blank\" rel=\"noopener nofollow\">Instagram<\/a>, uma das not\u00edcias mais especiais deste in\u00edcio de ano. A comunicadora partilhou que o longo processo de compra de uma casa chegou finalmente ao fim e que j\u00e1 decorrem as mudan\u00e7as para o novo espa\u00e7o.<\/p>\n<p>\u201c<strong>2026 a come\u00e7ar com uma das maiores conquistas da minha vida. H\u00e1 uns meses quando iniciei este processo, mudei a minha foto de perfil para que a estrelinha da minha mam\u00e3 me guiasse e abrisse caminho. T\u00eam sido tempos de muitas emo\u00e7\u00f5es, fechar de ciclos e novos cap\u00edtulos. E agora, \u00e9 real. Nova casa, novo ninho a ganhar vida (\u2026). Vem a\u00ed o di\u00e1rio da propriet\u00e1ria. Preparem-se!<\/strong>\u201d, pode ler-se.<\/p>\n<p>Logo ap\u00f3s a publica\u00e7\u00e3o, a profissional da comunica\u00e7\u00e3o social recebeu uma onda de mensagens e coment\u00e1rios de apoio.<\/p>\n<p>\u201c<strong>Foi um processo muito dif\u00edcil, com muitos obst\u00e1culos, durante muito tempo achei que n\u00e3o ia conseguir e pronto, agora \u00e9 real e s\u00f3 tenho a agradecer \u00e0s pessoas que me ajudaram<\/strong>\u201d, acrescentou.<\/p>\n<p><script async src=\"\/\/www.instagram.com\/embed.js\"><\/script><\/p>\n","protected":false},"excerpt":{"rendered":"Ol\u00edvia Ortiz revelou aos seguidores, atrav\u00e9s do Instagram, uma das not\u00edcias mais especiais deste in\u00edcio de ano. A&hellip;\n","protected":false},"author":2,"featured_media":232419,"comment_status":"","ping_status":"","sticky":false,"template":"","format":"standard","meta":{"footnotes":""},"categories":[142],"tags":[114,115,32,33,151],"class_list":{"0":"post-232418","1":"post","2":"type-post","3":"status-publish","4":"format-standard","5":"has-post-thumbnail","7":"category-tv","8":"tag-entertainment","9":"tag-entretenimento","10":"tag-portugal","11":"tag-pt","12":"tag-tv"},"share_on_mastodon":{"url":"https:\/\/pubeurope.com\/@pt\/115908598966299101","error":""},"_links":{"self":[{"href":"https:\/\/www.europesays.com\/pt\/wp-json\/wp\/v2\/posts\/232418","targetHints":{"allow":["GET"]}}],"collection":[{"href":"https:\/\/www.europesays.com\/pt\/wp-json\/wp\/v2\/posts"}],"about":[{"href":"https:\/\/www.europesays.com\/pt\/wp-json\/wp\/v2\/types\/post"}],"author":[{"embeddable":true,"href":"https:\/\/www.europesays.com\/pt\/wp-json\/wp\/v2\/users\/2"}],"replies":[{"embeddable":true,"href":"https:\/\/www.europesays.com\/pt\/wp-json\/wp\/v2\/comments?post=232418"}],"version-history":[{"count":0,"href":"https:\/\/www.europesays.com\/pt\/wp-json\/wp\/v2\/posts\/232418\/revisions"}],"wp:featuredmedia":[{"embeddable":true,"href":"https:\/\/www.europesays.com\/pt\/wp-json\/wp\/v2\/media\/232419"}],"wp:attachment":[{"href":"https:\/\/www.europesays.com\/pt\/wp-json\/wp\/v2\/media?parent=232418"}],"wp:term":[{"taxonomy":"category","embeddable":true,"href":"https:\/\/www.europesays.com\/pt\/wp-json\/wp\/v2\/categories?post=232418"},{"taxonomy":"post_tag","embeddable":true,"href":"https:\/\/www.europesays.com\/pt\/wp-json\/wp\/v2\/tags?post=232418"}],"curies":[{"name":"wp","href":"https:\/\/api.w.org\/{rel}","templated":true}]}}