{"id":232420,"date":"2026-01-17T04:43:35","date_gmt":"2026-01-17T04:43:35","guid":{"rendered":"https:\/\/www.europesays.com\/pt\/232420\/"},"modified":"2026-01-17T04:43:35","modified_gmt":"2026-01-17T04:43:35","slug":"leia-em-istoe-o-fim-da-obesidade-istoe","status":"publish","type":"post","link":"https:\/\/www.europesays.com\/pt\/232420\/","title":{"rendered":"Leia em Isto\u00c9: O fim da obesidade? &#8211; Isto\u00c9"},"content":{"rendered":"<ol>\n<li><a href=\"https:\/\/news.google.com\/rss\/articles\/CBMiY0FVX3lxTE01QTdtTVNOQ3lsNFloMTFjR3Bnd0FWSW83dWJHSkdrMkdobF9SZUhnRlVkZkl3LW9XNzJNejhkemZGbG1KY3ZZZWRPaklxeFUySWFwSk55eEtNNUV0MGFqTWRKSQ?oc=5\" target=\"_blank\" rel=\"nofollow noopener\">Leia em Isto\u00c9: O fim da obesidade?<\/a>&nbsp;&nbsp;Isto\u00c9<\/li>\n<li><a href=\"https:\/\/news.google.com\/rss\/articles\/CBMi2AFBVV95cUxPcVZLRHB1aFlRXzV5TzU5Q0xoOVRpaEZtOHFSYTFtNXVXYVNUc1oyZHh5SjJ3XzNNUDBSZmFqbkxJamVWOUV6TzRHdmNOajV6aUw3MXg2a2hiNjNKQVBmR2hhQ2Vfc3dMcE1yU0R5Y0ppLUg5bnVIS2xPbWhoUC1uaTI5cERoUTl4SktxQTA2SFdPc3E3Z2lwOHFRRkY0cXZvRVU0azRIVm1aRG15cGV6SWtUQkVVZnZIVG5NOVl6SWdka1lfWGdGbWRSODlxQVg4MmlOVWx1RDLSAecBQVVfeXFMTlpzSy02MUN3QjRGY2FHaWdTREtVNTRjd3VrZndBTDJtWkhlbE9rdWhFTWZ3S0pwOW1tWU1IaDIxaXNncjFKVFlxV0UwWlpJcldoRkZDc1Rha0lYT1ZXYVZPSmZ5UVVjNjd1V3ZEWWlOcVRhRzBHSlhienFXQkZfR2JnSm5aNnZQNHl4bG5Kd3M2d0ZlMjIwMkVKSFl4VUU5VVVDMXJzN0JyOEZBOWFESFNMQjZVZzgxa2JyNXZsTkF1LXRPZ3d4ckR2eWhtc3FVV1hrMFRKM3h1Sy04UVVJOU5OSEtncVJv?oc=5\" target=\"_blank\" rel=\"nofollow noopener\">Al\u00e9m do Mounjaro: 2026 ter\u00e1 novas e mais potentes drogas para perda de peso; veja quais<\/a>&nbsp;&nbsp;O Globo<\/li>\n<li><a href=\"https:\/\/news.google.com\/rss\/articles\/CBMirwFBVV95cUxPN2t2TFlVaElRQUlYNV9nVjQ5Ul80dTZxUlBGZzZWVm11V2x1SlU2OWp1N2Q0bnlyV3hsR3kzQVI2ZXhXa0U0SGFQN3VzSFFwMWUyRUdoOGMzUlQwNl9Ga0p5dGd5clg2LWwwYzZtRmhPNlN5Zl9RbDZSOTRIXzJfeXVvcXZrSllGS21pY1JHM3pVUnRtV3ZubzUtcHI4S0lydnJlRl92am04bklNNFVF?oc=5\" target=\"_blank\" rel=\"nofollow noopener\">Os saltos da ci\u00eancia no controle da obesidade<\/a>&nbsp;&nbsp;Correio do Estado<\/li>\n<li><a href=\"https:\/\/news.google.com\/rss\/articles\/CBMisgFBVV95cUxOMktwUlZfQkNObWRxQkF0Q0RpUXZlLUhKWEJGUUZlallfMWJZRVAwTmNyd2xqZFhoMEpNaENSUVpPQ09nRUR0czQxaUpOOFhNUFY0cGtZQkU1NXpveEoxZVBSWFI5OENSQ0hhdVNSSFFmcWNRc2xpX2VEYlZOOW90YUFjVW01TU14T0pDVmRmN2pPWGtyaFJ2SElncnpIUGZBVTFOQTBuckhjZHVIdTh2ckVB0gGyAUFVX3lxTE4yS3BSVl9CQ05tZHFCQXRDRGlRdmUtSEpYQkZRRmVqWV8xYllFUDBOY3J3bGpkWGgwSk1oQ1JRWk9DT2dFRHRzNDFpSk44WE1QVjRwa1lCRTU1em94SjFlUFJYUjk4Q1JDSGF1U1JIUWZxY1FzbGlfZURiVk45b3RhQWNVbTVNTXhPSkNWZGY3ak9Ya3JoUnZISWdyekhQZkFVMU5BMG5ySGNkdUh1OHZyRUE?oc=5\" target=\"_blank\" rel=\"nofollow noopener\">Segredo para o emagrecimento? Novo medicamento acelera queima de gordura<\/a>&nbsp;&nbsp;Olhar Digital<\/li>\n<li><a href=\"https:\/\/news.google.com\/rss\/articles\/CBMivwFBVV95cUxPQUh2cmVaTlpQck56U0NSc0wzcU9JTDZDV1d3ajZSZWppRnZFTWQ5Z1UydXU1a0RiM3Uyei1aQ1lyWXZaUklIZmRfTTZVS0w4c0NmaEpBY0JadUczSXBuaHc5MFB5TWMzb3hhZHlmT0JlLUppT3U0OHB3S0U4YUh6cDhkMmo3aGFRdm9ENWM5WTRlVXlhQnNvbXY0YmN5aENBQ21yVGphU2ZDNWp3THg1U3NmaEM0RjNSRG51Wkdtcw?oc=5\" target=\"_blank\" rel=\"nofollow noopener\">Revis\u00e3o fora da balan\u00e7a por Amy Donnellan \u2013 Por dentro da revolu\u00e7\u00e3o Ozempic | livros<\/a>&nbsp;&nbsp;DailyNerd<\/li>\n<\/ol>\n","protected":false},"excerpt":{"rendered":"Leia em Isto\u00c9: O fim da obesidade?&nbsp;&nbsp;Isto\u00c9 Al\u00e9m do Mounjaro: 2026 ter\u00e1 novas e mais potentes drogas para&hellip;\n","protected":false},"author":2,"featured_media":232421,"comment_status":"","ping_status":"","sticky":false,"template":"","format":"standard","meta":{"footnotes":""},"categories":[86],"tags":[116,32,33,117],"class_list":{"0":"post-232420","1":"post","2":"type-post","3":"status-publish","4":"format-standard","5":"has-post-thumbnail","7":"category-saude","8":"tag-health","9":"tag-portugal","10":"tag-pt","11":"tag-saude"},"share_on_mastodon":{"url":"https:\/\/pubeurope.com\/@pt\/115908614698387466","error":""},"_links":{"self":[{"href":"https:\/\/www.europesays.com\/pt\/wp-json\/wp\/v2\/posts\/232420","targetHints":{"allow":["GET"]}}],"collection":[{"href":"https:\/\/www.europesays.com\/pt\/wp-json\/wp\/v2\/posts"}],"about":[{"href":"https:\/\/www.europesays.com\/pt\/wp-json\/wp\/v2\/types\/post"}],"author":[{"embeddable":true,"href":"https:\/\/www.europesays.com\/pt\/wp-json\/wp\/v2\/users\/2"}],"replies":[{"embeddable":true,"href":"https:\/\/www.europesays.com\/pt\/wp-json\/wp\/v2\/comments?post=232420"}],"version-history":[{"count":0,"href":"https:\/\/www.europesays.com\/pt\/wp-json\/wp\/v2\/posts\/232420\/revisions"}],"wp:featuredmedia":[{"embeddable":true,"href":"https:\/\/www.europesays.com\/pt\/wp-json\/wp\/v2\/media\/232421"}],"wp:attachment":[{"href":"https:\/\/www.europesays.com\/pt\/wp-json\/wp\/v2\/media?parent=232420"}],"wp:term":[{"taxonomy":"category","embeddable":true,"href":"https:\/\/www.europesays.com\/pt\/wp-json\/wp\/v2\/categories?post=232420"},{"taxonomy":"post_tag","embeddable":true,"href":"https:\/\/www.europesays.com\/pt\/wp-json\/wp\/v2\/tags?post=232420"}],"curies":[{"name":"wp","href":"https:\/\/api.w.org\/{rel}","templated":true}]}}