{"id":232424,"date":"2026-01-17T04:57:06","date_gmt":"2026-01-17T04:57:06","guid":{"rendered":"https:\/\/www.europesays.com\/pt\/232424\/"},"modified":"2026-01-17T04:57:06","modified_gmt":"2026-01-17T04:57:06","slug":"carnaval-2026-turbine-seus-treinos-para-a-folia-assine-abril","status":"publish","type":"post","link":"https:\/\/www.europesays.com\/pt\/232424\/","title":{"rendered":"Carnaval 2026: turbine seus treinos para a folia &#8211; Assine Abril"},"content":{"rendered":"<ol>\n<li><a href=\"https:\/\/news.google.com\/rss\/articles\/CBMiiwFBVV95cUxNdHZYTVRSbVhOYWVFQWFOV205eUhwZ0pQT0ltdXlSc2p6NEdNVzdFYll2ZjllekZCZ2NRUW5OaFh2N2xBbEJ0RlZuNEh5eENKZlVJaW1RcmtwdHF3ZURBVHhFRlZRdERCV192eTlTRk1UdnZNYkx1NGg2WHBFZnhyT1pIdDk5Ni1qbWxz0gGLAUFVX3lxTE10dlhNVFJtWE5hZUVBYU5XbTl5SHBnSlBPSW11eVJzano0R01XN0ViWXZmOWV6RkJnY1FRbk5oWHY3bEFsQnRGVm40SHl4Q0pmVUlpbVFya3B0cXdlREFUeEVGVlF0REJXX3Z5OVNGTVR2dk1iTHU0aDZYcEVmeHJPWkh0OTk2LWptbHM?oc=5\" target=\"_blank\" rel=\"nofollow noopener\">Carnaval 2026: turbine seus treinos para a folia<\/a>&nbsp;&nbsp;Assine Abril<\/li>\n<li><a href=\"https:\/\/news.google.com\/rss\/articles\/CBMi9gFBVV95cUxOSEh5YnBHcE9GdG1CMkZzOU4xekZYMDRQU21rWm1zNjZRY1hGbk9jRkNFN2Z1eWt1SnhocGdqNXZIdFJ1T1dseVlRcWY5LUkwUVk1Z3JCZ2VHU2k1WHBWdXUwVGUxRi1XbjMwZ0ltRTFwY2NWMWtmN052Y08wQ3Z4OV95XzhORUYyTDVPX2YxMDRIbmRIWUZodjF6ZzFQYzlCbEJPYU1jWmN6T045Y2drZndwb0Z4VGFwQXR5T1pXSVFJSk9RNjY2VEhpcEUxMk9YaDV6WFBUNEVYSVhnQTFIT2o3cTFXdWtlbUF2NV9tTjN6Y2psQ2c?oc=5\" target=\"_blank\" rel=\"nofollow noopener\">Agencia de Comunicac\u00e3o &#8211; Seu corpo est\u00e1 pronto para o Carnaval? Como se preparar para dias de festa sem les\u00f5es<\/a>&nbsp;&nbsp;Estad\u00e3o Blue Studio<\/li>\n<li><a href=\"https:\/\/news.google.com\/rss\/articles\/CBMipAFBVV95cUxQV0lkNlZHelpqWUZTOEs2WUpQNmpWUE9QZFdncm9TZjdnYnYtZGl3aWlEVWJmdkREaEZVVFB4X2xVRk5TYnA5Uy14SlVaaXAzajlUeGZXekR6dEQyLV94QnNvZE1tOEFlNzFjcU9wbUFaS05rU0c2dnFzdW91cUtEX3MyeUZid0MzdmN1RE5jc0tZZ1BjS1VWckYxcWpJdDJVRWRwQg?oc=5\" target=\"_blank\" rel=\"nofollow noopener\">Carnaval 2026: turbine seus treinos para a folia com essa dica!<\/a>&nbsp;&nbsp;Assine Abril<\/li>\n<li><a href=\"https:\/\/news.google.com\/rss\/articles\/CBMirwFBVV95cUxPSi1yNi1Nd08tZ2R4ME5DQ1VUNE9uQ2U4dDFrdHk4TTdDM3ZSQ2NUVGI0aFc1OU5FdmtIQ0ROd2dfN3hmcHQtbk1fWnZncDRUOGlNM2hqdUMwSUZES2dudHVqb0JEZ1dNYlZra3BYTTNxZ2hhN290Y1VWTVI2VEt3cERlQU5lWTFOYzFoaGtUN3hqZmhxOE04WGNiUHU5dGRWc3BiZ1V5NXlXeTFGMlFV?oc=5\" target=\"_blank\" rel=\"nofollow noopener\">Ainda d\u00e1 tempo de ganhar energia e definir o corpo pro Carnaval<\/a>&nbsp;&nbsp;Correio Braziliense<\/li>\n<li><a href=\"https:\/\/news.google.com\/rss\/articles\/CBMi4AFBVV95cUxNMjIxMnc1X2d5ZkxFUXJFbUNvNzB5SFV3c0luSUU5c1B6MWQzSGNIX2k1Z0NHSndhVGQwMUdvNG9idXZhUzRDR1BRRWVxOTdRYTA5cjZLdENmQUczNHBveVRVU25kR1AxWmlPNEZWdjZhQ1lBUi1KUTBCd0dtNWMtRTc4WW55TjJoQ2hPUnlOYy1TUTQzdk15TGQ1aTVYVTgxSWk0TkptR3RhSllWdzFxQTducDJJaEszdE1vcE9POHNTUXhoaEI2NW91WnFvemxGaHZUZUg0c0dJZjgzV1ZWeA?oc=5\" target=\"_blank\" rel=\"nofollow noopener\">Saladas que ajudam a perder peso at\u00e9 o Carnaval: veja dicas<\/a>&nbsp;&nbsp;Terra<\/li>\n<\/ol>\n","protected":false},"excerpt":{"rendered":"Carnaval 2026: turbine seus treinos para a folia&nbsp;&nbsp;Assine Abril Agencia de Comunicac\u00e3o &#8211; Seu corpo est\u00e1 pronto para&hellip;\n","protected":false},"author":2,"featured_media":232425,"comment_status":"","ping_status":"","sticky":false,"template":"","format":"standard","meta":{"footnotes":""},"categories":[86],"tags":[116,32,33,117],"class_list":{"0":"post-232424","1":"post","2":"type-post","3":"status-publish","4":"format-standard","5":"has-post-thumbnail","7":"category-saude","8":"tag-health","9":"tag-portugal","10":"tag-pt","11":"tag-saude"},"share_on_mastodon":{"url":"https:\/\/pubeurope.com\/@pt\/115908669751163807","error":""},"_links":{"self":[{"href":"https:\/\/www.europesays.com\/pt\/wp-json\/wp\/v2\/posts\/232424","targetHints":{"allow":["GET"]}}],"collection":[{"href":"https:\/\/www.europesays.com\/pt\/wp-json\/wp\/v2\/posts"}],"about":[{"href":"https:\/\/www.europesays.com\/pt\/wp-json\/wp\/v2\/types\/post"}],"author":[{"embeddable":true,"href":"https:\/\/www.europesays.com\/pt\/wp-json\/wp\/v2\/users\/2"}],"replies":[{"embeddable":true,"href":"https:\/\/www.europesays.com\/pt\/wp-json\/wp\/v2\/comments?post=232424"}],"version-history":[{"count":0,"href":"https:\/\/www.europesays.com\/pt\/wp-json\/wp\/v2\/posts\/232424\/revisions"}],"wp:featuredmedia":[{"embeddable":true,"href":"https:\/\/www.europesays.com\/pt\/wp-json\/wp\/v2\/media\/232425"}],"wp:attachment":[{"href":"https:\/\/www.europesays.com\/pt\/wp-json\/wp\/v2\/media?parent=232424"}],"wp:term":[{"taxonomy":"category","embeddable":true,"href":"https:\/\/www.europesays.com\/pt\/wp-json\/wp\/v2\/categories?post=232424"},{"taxonomy":"post_tag","embeddable":true,"href":"https:\/\/www.europesays.com\/pt\/wp-json\/wp\/v2\/tags?post=232424"}],"curies":[{"name":"wp","href":"https:\/\/api.w.org\/{rel}","templated":true}]}}