{"id":232426,"date":"2026-01-17T05:04:07","date_gmt":"2026-01-17T05:04:07","guid":{"rendered":"https:\/\/www.europesays.com\/pt\/232426\/"},"modified":"2026-01-17T05:04:07","modified_gmt":"2026-01-17T05:04:07","slug":"filho-de-luciana-gimenez-lucas-jagger-expoe-bastidores-do-superpop-apos-saida-da-mae-da-redetv","status":"publish","type":"post","link":"https:\/\/www.europesays.com\/pt\/232426\/","title":{"rendered":"Filho de Luciana Gimenez, Lucas Jagger exp\u00f5e bastidores do SuperPop ap\u00f3s sa\u00edda da m\u00e3e da RedeTV!"},"content":{"rendered":"<p>A despedida de <a href=\"https:\/\/caras.com.br\/tags\/luciana-gimenez\" rel=\"nofollow noopener\" target=\"_blank\"><strong>Luciana Gimenez<\/strong><\/a> da RedeTV!, anunciada nesta sexta-feira, 16, gerou uma onda de mensagens de apoio. Mas um coment\u00e1rio em especial chamou a aten\u00e7\u00e3o dos seguidores e quebrou o clima com bom humor: o de seu filho mais velho, <a href=\"https:\/\/caras.com.br\/tags\/lucas-jagger\" rel=\"nofollow noopener\" target=\"_blank\"><strong>Lucas Jagger<\/strong><\/a>.<\/p>\n<p>Pouco ap\u00f3s a apresentadora publicar um desabafo sobre o fim de seu ciclo de 25 anos na emissora, Lucas, hoje com 26 anos, fez quest\u00e3o de marcar presen\u00e7a na postagem. Ele aproveitou o momento para declarar seu amor \u00e0 m\u00e3e e relembrar, com carinho, os tempos em que era crian\u00e7a e acompanhava o trabalho dela na televis\u00e3o.<\/p>\n<p>Em um coment\u00e1rio que rapidamente ganhou destaque e curtidas, Lucas escreveu:<\/p>\n<p>\u201cTe amo mam\u00e3e. voc\u00ea mandando eu ir dormir quando assistia ao vivo \u201d<\/p>\n<p>\t Bastidores em fam\u00edlia <\/p>\n<p>A mensagem de Lucas resgatou uma mem\u00f3ria divertida dos bastidores da fam\u00edlia. Durante anos, Luciana comandou o SuperPop ao vivo em hor\u00e1rios noturnos, muitas vezes entrando pela madrugada. O coment\u00e1rio do filho revela que, mesmo de casa, a \u201cm\u00e3e coruja\u201d tentava controlar o hor\u00e1rio de sono do menino, que insistia em v\u00ea-la na TV.<\/p>\n<p>A intera\u00e7\u00e3o encantou os f\u00e3s, que viram no gesto uma demonstra\u00e7\u00e3o da parceria entre m\u00e3e e filho, al\u00e9m de humanizar a figura da apresentadora fora das c\u00e2meras: \u201cFofo\u201d e \u201cSua m\u00e3e soube criar voc\u00ea muito bem\u201d foram alguns dos coment\u00e1rios.<\/p>\n<p> O an\u00fancio da sa\u00edda <\/p>\n<p>Luciana Gimenez oficializou sua sa\u00edda da RedeTV! ap\u00f3s duas d\u00e9cadas e meia. Em seu texto de despedida, ela afirmou que a decis\u00e3o foi em comum acordo e agradeceu pela liberdade que teve no canal. \u201cO cora\u00e7\u00e3o aperta de saudade, mas a certeza \u00e9 maior: fizemos a diferen\u00e7a\u201d, disse ela, prometendo novidades profissionais para 2026.<\/p>\n<p> <img loading=\"lazy\" decoding=\"async\" class=\"size-large wp-image-1059077 img-fluid lazy\" alt=\"\" width=\"800\" height=\"450\" src=\"https:\/\/www.europesays.com\/pt\/wp-content\/uploads\/2026\/01\/Lucas-Jagger-800x450.jpg\"  \/>Lucas Jagger \u2013 Foto: Instagram <\/p>\n<p><strong>CONFIRA PUBLICA\u00c7\u00c3O RECENTE DA CARAS BRASIL NAS\u00a0<a href=\"https:\/\/www.instagram.com\/carasbrasil\/\" rel=\"nofollow noopener\" target=\"_blank\">REDES SOCIAIS:<\/a><\/strong><\/p>\n<blockquote class=\"instagram-media\" style=\"background: #FFF; border: 0; border-radius: 3px; box-shadow: 0 0 1px 0 rgba(0,0,0,0.5),0 1px 10px 0 rgba(0,0,0,0.15); margin: 1px; max-width: 540px; min-width: 326px; padding: 0; width: calc(100% - 2px);\" data-instgrm-permalink=\"https:\/\/www.instagram.com\/p\/DTim6QYlezH\/?utm_source=ig_embed&amp;utm_campaign=loading\" data-instgrm-version=\"14\"><\/blockquote>\n<p>\t                                            <script async src=\"\/\/www.instagram.com\/embed.js\"><\/script><\/p>\n","protected":false},"excerpt":{"rendered":"A despedida de Luciana Gimenez da RedeTV!, anunciada nesta sexta-feira, 16, gerou uma onda de mensagens de apoio.&hellip;\n","protected":false},"author":2,"featured_media":232427,"comment_status":"","ping_status":"","sticky":false,"template":"","format":"standard","meta":{"footnotes":""},"categories":[145],"tags":[211,210,114,115,1852,1854,32,33,4343],"class_list":{"0":"post-232426","1":"post","2":"type-post","3":"status-publish","4":"format-standard","5":"has-post-thumbnail","7":"category-celebridades","8":"tag-celebridades","9":"tag-celebrities","10":"tag-entertainment","11":"tag-entretenimento","12":"tag-lucas-jagger","13":"tag-luciana-gimenez","14":"tag-portugal","15":"tag-pt","16":"tag-redetv"},"share_on_mastodon":{"url":"https:\/\/pubeurope.com\/@pt\/115908697321902131","error":""},"_links":{"self":[{"href":"https:\/\/www.europesays.com\/pt\/wp-json\/wp\/v2\/posts\/232426","targetHints":{"allow":["GET"]}}],"collection":[{"href":"https:\/\/www.europesays.com\/pt\/wp-json\/wp\/v2\/posts"}],"about":[{"href":"https:\/\/www.europesays.com\/pt\/wp-json\/wp\/v2\/types\/post"}],"author":[{"embeddable":true,"href":"https:\/\/www.europesays.com\/pt\/wp-json\/wp\/v2\/users\/2"}],"replies":[{"embeddable":true,"href":"https:\/\/www.europesays.com\/pt\/wp-json\/wp\/v2\/comments?post=232426"}],"version-history":[{"count":0,"href":"https:\/\/www.europesays.com\/pt\/wp-json\/wp\/v2\/posts\/232426\/revisions"}],"wp:featuredmedia":[{"embeddable":true,"href":"https:\/\/www.europesays.com\/pt\/wp-json\/wp\/v2\/media\/232427"}],"wp:attachment":[{"href":"https:\/\/www.europesays.com\/pt\/wp-json\/wp\/v2\/media?parent=232426"}],"wp:term":[{"taxonomy":"category","embeddable":true,"href":"https:\/\/www.europesays.com\/pt\/wp-json\/wp\/v2\/categories?post=232426"},{"taxonomy":"post_tag","embeddable":true,"href":"https:\/\/www.europesays.com\/pt\/wp-json\/wp\/v2\/tags?post=232426"}],"curies":[{"name":"wp","href":"https:\/\/api.w.org\/{rel}","templated":true}]}}