{"id":232440,"date":"2026-01-17T05:37:11","date_gmt":"2026-01-17T05:37:11","guid":{"rendered":"https:\/\/www.europesays.com\/pt\/232440\/"},"modified":"2026-01-17T05:37:11","modified_gmt":"2026-01-17T05:37:11","slug":"indiana-jones-ex-chefe-da-lucasfilm-admite-que-ninguem-esta-interessado-na-franquia-agora","status":"publish","type":"post","link":"https:\/\/www.europesays.com\/pt\/232440\/","title":{"rendered":"Indiana Jones | Ex-chefe da Lucasfilm admite que &#8220;ningu\u00e9m est\u00e1 interessado&#8221; na franquia agora"},"content":{"rendered":"<p class=\"wp-block-yoast-seo-estimated-reading-time yoast-reading-time__wrapper\">Estimated reading time: 2 minutos<\/p>\n<p>Para a surpresa de absolutamente ningu\u00e9m, o chap\u00e9u e o chicote v\u00e3o ficar na gaveta por um bom tempo. Em sua entrevista de despedida ao <a href=\"https:\/\/deadline.com\/2026\/01\/kathleen-kennedy-exit-interview-1236665253\/\" target=\"_blank\" rel=\"noreferrer noopener nofollow\">Deadline<\/a>, <strong>Kathleen Kennedy<\/strong>, ex-presidente da <strong>Lucasfilm<\/strong>, foi brutalmente honesta sobre o futuro de <a href=\"https:\/\/ovicio.com.br\/tag\/indiana-jones\/\" rel=\"nofollow noopener\" target=\"_blank\">Indiana Jones<\/a>: <strong>&#8220;N\u00e3o creio que algu\u00e9m esteja interessado em explorar isso neste momento.&#8221;<\/strong><\/p>\n<p>Kennedy explicou que a produ\u00e7\u00e3o de <strong>Indiana Jones e a Rel\u00edquia do Destino<\/strong> (2023) s\u00f3 aconteceu devido \u00e0 insist\u00eancia do pr\u00f3prio <strong>Harrison Ford<\/strong>. Segundo ela, o astro n\u00e3o queria encerrar sua jornada com o pol\u00eamico <strong>Reino da Caveira de Cristal<\/strong> e desejava uma despedida digna. <strong>&#8220;N\u00e3o me arrependo disso\u2026 Ele queria uma chance para mais um, e n\u00f3s fizemos isso por ele&#8221;<\/strong>, justificou.<\/p>\n<p>Financeiramente, por\u00e9m, a despedida custou caro. Relat\u00f3rios recentes da <strong>Forbes<\/strong> apontam que o custo final da produ\u00e7\u00e3o chegou a insanos US$ 419 milh\u00f5es, colocando-o entre os filmes mais caros da hist\u00f3ria. Com uma arrecada\u00e7\u00e3o mundial de apenas US$ 384 milh\u00f5es, o preju\u00edzo da <strong>Disney<\/strong> rivaliza com fracassos hist\u00f3ricos do est\u00fadio, como <strong>John Carter<\/strong> e <strong>O Cavaleiro Solit\u00e1rio<\/strong>.<\/p>\n<p>O cen\u00e1rio turbulento da <strong>Lucasfilm<\/strong> tamb\u00e9m vitimou outros projetos da saga. Segundo o <strong>The Wrap<\/strong>, o est\u00fadio cancelou uma s\u00e9rie animada (codinome <strong>&#8220;Reggie&#8221;<\/strong>) que mostraria aventuras situadas entre os filmes originais, al\u00e9m de uma s\u00e9rie live-action focada em <strong>Abner Ravenwood<\/strong>, mentor de <strong>Indy<\/strong>.<\/p>\n<p>Toda a franquia <strong>Indiana Jones<\/strong> est\u00e1 dispon\u00edvel no cat\u00e1logo do <strong>Disney+<\/strong>.<\/p>\n<p>Leia tamb\u00e9m sobre Indiana Jones:<\/p>\n","protected":false},"excerpt":{"rendered":"Estimated reading time: 2 minutos Para a surpresa de absolutamente ningu\u00e9m, o chap\u00e9u e o chicote v\u00e3o ficar&hellip;\n","protected":false},"author":2,"featured_media":232441,"comment_status":"","ping_status":"","sticky":false,"template":"","format":"standard","meta":{"footnotes":""},"categories":[140],"tags":[114,115,147,148,44360,15415,146,32,33],"class_list":{"0":"post-232440","1":"post","2":"type-post","3":"status-publish","4":"format-standard","5":"has-post-thumbnail","7":"category-filmes","8":"tag-entertainment","9":"tag-entretenimento","10":"tag-film","11":"tag-filmes","12":"tag-indiana-jones","13":"tag-lucasfilm","14":"tag-movies","15":"tag-portugal","16":"tag-pt"},"share_on_mastodon":{"url":"https:\/\/pubeurope.com\/@pt\/115908827049065071","error":""},"_links":{"self":[{"href":"https:\/\/www.europesays.com\/pt\/wp-json\/wp\/v2\/posts\/232440","targetHints":{"allow":["GET"]}}],"collection":[{"href":"https:\/\/www.europesays.com\/pt\/wp-json\/wp\/v2\/posts"}],"about":[{"href":"https:\/\/www.europesays.com\/pt\/wp-json\/wp\/v2\/types\/post"}],"author":[{"embeddable":true,"href":"https:\/\/www.europesays.com\/pt\/wp-json\/wp\/v2\/users\/2"}],"replies":[{"embeddable":true,"href":"https:\/\/www.europesays.com\/pt\/wp-json\/wp\/v2\/comments?post=232440"}],"version-history":[{"count":0,"href":"https:\/\/www.europesays.com\/pt\/wp-json\/wp\/v2\/posts\/232440\/revisions"}],"wp:featuredmedia":[{"embeddable":true,"href":"https:\/\/www.europesays.com\/pt\/wp-json\/wp\/v2\/media\/232441"}],"wp:attachment":[{"href":"https:\/\/www.europesays.com\/pt\/wp-json\/wp\/v2\/media?parent=232440"}],"wp:term":[{"taxonomy":"category","embeddable":true,"href":"https:\/\/www.europesays.com\/pt\/wp-json\/wp\/v2\/categories?post=232440"},{"taxonomy":"post_tag","embeddable":true,"href":"https:\/\/www.europesays.com\/pt\/wp-json\/wp\/v2\/tags?post=232440"}],"curies":[{"name":"wp","href":"https:\/\/api.w.org\/{rel}","templated":true}]}}