{"id":232454,"date":"2026-01-17T06:11:11","date_gmt":"2026-01-17T06:11:11","guid":{"rendered":"https:\/\/www.europesays.com\/pt\/232454\/"},"modified":"2026-01-17T06:11:11","modified_gmt":"2026-01-17T06:11:11","slug":"libertacao-de-nicolas-maduro-exigida-em-caracas-por-milhares-de-manifestantes","status":"publish","type":"post","link":"https:\/\/www.europesays.com\/pt\/232454\/","title":{"rendered":"Liberta\u00e7\u00e3o de Nicolas Maduro exigida em Caracas por milhares de manifestantes"},"content":{"rendered":"<p id=\"block-1\">Milhares de apoiantes do presidente venezuelano raptado pelos EUA, Nicolas Maduro, marcharam hoje em Caracas para exigir a sua liberta\u00e7\u00e3o e da sua esposa, Cilia Flores, e garantir que v\u00e3o continuar a defender a Revolu\u00e7\u00e3o Bolivariana. <\/p>\n<p id=\"block-2\">&#8220;Dizemos a partir daqui a Donald Trump: n\u00e3o vais conseguir o que queres. Temos um povo nobre, um povo com princ\u00edpios, com ideologia revolucion\u00e1ria&#8221;, disse \u00e0 Efe a deputada Maria Carrillo. <\/p>\n<p id=\"block-3\">Dirigindo-se a Maduro, afirmou: &#8220;Aqui vamos continuar a defender a Revoluc\u00e3o Bolivariana. Conte, senhor presidente, com as ruas de Caracas sempre cheias de gente, o povo mobilizado, at\u00e9 que regresse ao nosso pa\u00eds&#8221;. <\/p>\n<p id=\"block-4\">A marcha foi convocada pelo setor campon\u00eas e os manifestantes, vestidos na maioria em tons de verde, chegaram \u00e0s proximidades da vice-presid\u00eancia da Venezuela, no centro da capital. <\/p>\n<p id=\"block-5\">O &#8216;chavismo&#8217; tem-se manifestado diariamente para exigir a liberta\u00e7\u00e3o de Maduro, depois do seu rapto, em 03 de janeiro, pelos EUA, cujo ataque causou pelo menos 100 mortos, dos quais 47 militares venezuelanos, segundo as autoridades.<\/p>\n","protected":false},"excerpt":{"rendered":"Milhares de apoiantes do presidente venezuelano raptado pelos EUA, Nicolas Maduro, marcharam hoje em Caracas para exigir a&hellip;\n","protected":false},"author":2,"featured_media":232455,"comment_status":"","ping_status":"","sticky":false,"template":"","format":"standard","meta":{"footnotes":""},"categories":[50],"tags":[27,28,15,16,14,25,26,21,22,62,12,13,19,20,23,24,17,18,29,30,31,63,64,65],"class_list":{"0":"post-232454","1":"post","2":"type-post","3":"status-publish","4":"format-standard","5":"has-post-thumbnail","7":"category-mundo","8":"tag-breaking-news","9":"tag-breakingnews","10":"tag-featured-news","11":"tag-featurednews","12":"tag-headlines","13":"tag-latest-news","14":"tag-latestnews","15":"tag-main-news","16":"tag-mainnews","17":"tag-mundo","18":"tag-news","19":"tag-noticias","20":"tag-noticias-principais","21":"tag-noticiasprincipais","22":"tag-principais-noticias","23":"tag-principaisnoticias","24":"tag-top-stories","25":"tag-topstories","26":"tag-ultimas","27":"tag-ultimas-noticias","28":"tag-ultimasnoticias","29":"tag-world","30":"tag-world-news","31":"tag-worldnews"},"share_on_mastodon":{"url":"https:\/\/pubeurope.com\/@pt\/115908960774776958","error":""},"_links":{"self":[{"href":"https:\/\/www.europesays.com\/pt\/wp-json\/wp\/v2\/posts\/232454","targetHints":{"allow":["GET"]}}],"collection":[{"href":"https:\/\/www.europesays.com\/pt\/wp-json\/wp\/v2\/posts"}],"about":[{"href":"https:\/\/www.europesays.com\/pt\/wp-json\/wp\/v2\/types\/post"}],"author":[{"embeddable":true,"href":"https:\/\/www.europesays.com\/pt\/wp-json\/wp\/v2\/users\/2"}],"replies":[{"embeddable":true,"href":"https:\/\/www.europesays.com\/pt\/wp-json\/wp\/v2\/comments?post=232454"}],"version-history":[{"count":0,"href":"https:\/\/www.europesays.com\/pt\/wp-json\/wp\/v2\/posts\/232454\/revisions"}],"wp:featuredmedia":[{"embeddable":true,"href":"https:\/\/www.europesays.com\/pt\/wp-json\/wp\/v2\/media\/232455"}],"wp:attachment":[{"href":"https:\/\/www.europesays.com\/pt\/wp-json\/wp\/v2\/media?parent=232454"}],"wp:term":[{"taxonomy":"category","embeddable":true,"href":"https:\/\/www.europesays.com\/pt\/wp-json\/wp\/v2\/categories?post=232454"},{"taxonomy":"post_tag","embeddable":true,"href":"https:\/\/www.europesays.com\/pt\/wp-json\/wp\/v2\/tags?post=232454"}],"curies":[{"name":"wp","href":"https:\/\/api.w.org\/{rel}","templated":true}]}}