{"id":232460,"date":"2026-01-17T06:26:14","date_gmt":"2026-01-17T06:26:14","guid":{"rendered":"https:\/\/www.europesays.com\/pt\/232460\/"},"modified":"2026-01-17T06:26:14","modified_gmt":"2026-01-17T06:26:14","slug":"pais-sob-alerta-cheias-em-mocambique-ja-causaram-mais-de-100-mortes","status":"publish","type":"post","link":"https:\/\/www.europesays.com\/pt\/232460\/","title":{"rendered":"Pa\u00eds sob alerta. Cheias em Mo\u00e7ambique j\u00e1 causaram mais de 100 mortes"},"content":{"rendered":"<p>                As inunda\u00e7\u00f5es que assolam Mo\u00e7ambique destru\u00edram 1.160 casas, ap\u00f3s a vaga de chuvas intensas que teve in\u00edcio a 22 de dezembro, de acordo com o \u00faltimo balan\u00e7o do governo mo\u00e7ambicano.<\/p>\n<p>&#13;<br \/>\n<br \/>&#13;<br \/>\nPerante uma situa\u00e7\u00e3o que se tem agravado nos \u00faltimos dias, o executivo ativou o alerta vermelho em todo o territ\u00f3rio, como forma de \u201cassegurar a coordena\u00e7\u00e3o centralizada de resposta imediata\u201d e \u201crefor\u00e7ar a mobiliza\u00e7\u00e3o de meios\u201d para assist\u00eancia humanit\u00e1ria \u00e0s v\u00edtimas e popula\u00e7\u00f5es isoladas.&#13;\n<\/p>\n<p>O governo mo\u00e7ambicano procura nesta fase flexibilizar os mecanismos formais de gest\u00e3o, implementar medidas imediatas e agilizar a retirada de pessoas nas \u00e1reas de alto risco, garantiu o porta-voz do Conselho de Ministros, Inoc\u00eancio Impissa.<\/p>\n<p>\u201cO esfor\u00e7o que o governo est\u00e1 a fazer \u00e9 para assegurar que n\u00e3o haja mortes e esse \u00e9 o grande objetivo, que todas as pessoas sejam poupadas\u201d, refor\u00e7ou.<br \/>&#13;<br \/>\nPress\u00e3o nas zonas mais afetadas<b><br \/>&#13;<br \/>\n<\/b>As opera\u00e7\u00f5es de resgate tamb\u00e9m t\u00eam sido dificultadas. A administradora do distrito de Mapai, Maria Langa, anunciou esta sexta-feira que \u201cforam resgatadas todas as pessoas\u201d que estavam cercadas, tendo sido \u201cencaminhadas para o centro de acomoda\u00e7\u00e3o de Mafassitela\u201d, onde v\u00e3o receber assist\u00eancia.<\/p>\n<p>Na \u00faltima quinta-feira, a chuva torrencial na prov\u00edncia de Gaza, sul de Mo\u00e7ambique, impediu o resgate das 68 pessoas cercadas pelas cheias, incluindo 23 crian\u00e7as.<\/p>\n<p>Na regi\u00e3o sul do pa\u00eds, as bacias hidrogr\u00e1ficas dos rios de Limpopo, Umbeluzi, Incom\u00e1ti e Inhanombe continuam a registar um \u201caumento significativo\u201d do volume de escoamento das \u00e1guas, aumentando os n\u00edveis de alerta.<\/p>\n<p>Na bacia de B\u00fazi, no centro do pa\u00eds, o cen\u00e1rio \u00e9 id\u00eantico, alertou o governo. As inunda\u00e7\u00f5es t\u00eam afetado a \u201ctransitabilidade\u201d e os campos agr\u00edcolas. Os meios nacionais n\u00e3o s\u00e3o, no entanto, suficientes para dar resposta a todo o territ\u00f3rio afetado, admitiu o executivo esta sexta-feira. <\/p>\n<p>A Dire\u00e7\u00e3o Nacional de Gest\u00e3o de Recursos H\u00eddricos de Mo\u00e7ambique j\u00e1 avan\u00e7ou com n\u00fameros provis\u00f3rios e estima que pelo menos 400 mil pessoas est\u00e3o em risco de serem retiradas das suas zonas de resid\u00eancia s\u00f3 na prov\u00edncia de Gaza. <\/p>\n<p>Em Maputo, outra das \u00e1reas severamente afetadas, o Parque Nacional da capital mo\u00e7ambicana comunicou a suspens\u00e3o de todas as atividades de safari a partir desta sexta-feira e por tempo indeterminado devido \u00e0  intransitabilidade das vias internas do local e \u00e0 subida do n\u00edvel da Lagoa de Xinguti.&#13;\n<\/p>\n<p>&#13;<br \/>\nResposta pol\u00edtica e medidas de apoio<b><br \/>&#13;<br \/>\n<\/b>Enquanto o centro de Maputo resiste aos dias de chuva, nos bairros perif\u00e9ricos de Mo\u00e7ambique multiplicam-se os pedidos de ajuda junto \u00e0s casas e ruas inundadas.<\/p>\n<p>Em resposta aos apelos, o parlamento mo\u00e7ambicano anunciou esta sexta-feira que vai disponibilizar cerca de 2,7 milh\u00f5es de meticais (36.400 euros) para apoiar as v\u00edtimas das cheias.<\/p>\n<p>\u201cA comiss\u00e3o permanente da Assembleia da Rep\u00fablica deliberou que os deputados da Assembleia da Rep\u00fablica ir\u00e3o contribuir com dois dias de sal\u00e1rios, no valor total de 2.709.120 meticais a serem entregues ao Instituto Nacional de Gest\u00e3o e Redu\u00e7\u00e3o do Risco de Desastres\u201d, confirmou S\u00e9rgio Pantie, porta-voz da comiss\u00e3o permanente do parlamento.<\/p>\n<p>A atual \u00e9poca de chuvas come\u00e7ou em outubro e pode estender-se at\u00e9 abril. O per\u00edodo tem sido marcado por alertas no centro e sul do pa\u00eds, com as autoridades a ativarem a\u00e7\u00f5es de antecipa\u00e7\u00e3o e preven\u00e7\u00e3o das inunda\u00e7\u00f5es.&#13;<\/p>\n","protected":false},"excerpt":{"rendered":"As inunda\u00e7\u00f5es que assolam Mo\u00e7ambique destru\u00edram 1.160 casas, ap\u00f3s a vaga de chuvas intensas que teve in\u00edcio a&hellip;\n","protected":false},"author":2,"featured_media":232461,"comment_status":"","ping_status":"","sticky":false,"template":"","format":"standard","meta":{"footnotes":""},"categories":[50],"tags":[27,28,15,16,14,25,26,21,22,62,12,13,19,20,23,24,420,421,17,18,29,30,31,63,64,65],"class_list":{"0":"post-232460","1":"post","2":"type-post","3":"status-publish","4":"format-standard","5":"has-post-thumbnail","7":"category-mundo","8":"tag-breaking-news","9":"tag-breakingnews","10":"tag-featured-news","11":"tag-featurednews","12":"tag-headlines","13":"tag-latest-news","14":"tag-latestnews","15":"tag-main-news","16":"tag-mainnews","17":"tag-mundo","18":"tag-news","19":"tag-noticias","20":"tag-noticias-principais","21":"tag-noticiasprincipais","22":"tag-principais-noticias","23":"tag-principaisnoticias","24":"tag-rtp","25":"tag-rtp-noticias","26":"tag-top-stories","27":"tag-topstories","28":"tag-ultimas","29":"tag-ultimas-noticias","30":"tag-ultimasnoticias","31":"tag-world","32":"tag-world-news","33":"tag-worldnews"},"share_on_mastodon":{"url":"https:\/\/pubeurope.com\/@pt\/115909019759198421","error":""},"_links":{"self":[{"href":"https:\/\/www.europesays.com\/pt\/wp-json\/wp\/v2\/posts\/232460","targetHints":{"allow":["GET"]}}],"collection":[{"href":"https:\/\/www.europesays.com\/pt\/wp-json\/wp\/v2\/posts"}],"about":[{"href":"https:\/\/www.europesays.com\/pt\/wp-json\/wp\/v2\/types\/post"}],"author":[{"embeddable":true,"href":"https:\/\/www.europesays.com\/pt\/wp-json\/wp\/v2\/users\/2"}],"replies":[{"embeddable":true,"href":"https:\/\/www.europesays.com\/pt\/wp-json\/wp\/v2\/comments?post=232460"}],"version-history":[{"count":0,"href":"https:\/\/www.europesays.com\/pt\/wp-json\/wp\/v2\/posts\/232460\/revisions"}],"wp:featuredmedia":[{"embeddable":true,"href":"https:\/\/www.europesays.com\/pt\/wp-json\/wp\/v2\/media\/232461"}],"wp:attachment":[{"href":"https:\/\/www.europesays.com\/pt\/wp-json\/wp\/v2\/media?parent=232460"}],"wp:term":[{"taxonomy":"category","embeddable":true,"href":"https:\/\/www.europesays.com\/pt\/wp-json\/wp\/v2\/categories?post=232460"},{"taxonomy":"post_tag","embeddable":true,"href":"https:\/\/www.europesays.com\/pt\/wp-json\/wp\/v2\/tags?post=232460"}],"curies":[{"name":"wp","href":"https:\/\/api.w.org\/{rel}","templated":true}]}}