{"id":232490,"date":"2026-01-17T07:38:08","date_gmt":"2026-01-17T07:38:08","guid":{"rendered":"https:\/\/www.europesays.com\/pt\/232490\/"},"modified":"2026-01-17T07:38:08","modified_gmt":"2026-01-17T07:38:08","slug":"hansi-flick-de-cabeca-perdida-por-saida-de-jogador-do-barcelona","status":"publish","type":"post","link":"https:\/\/www.europesays.com\/pt\/232490\/","title":{"rendered":"Hansi Flick de cabe\u00e7a perdida por sa\u00edda de jogador do Barcelona"},"content":{"rendered":"<p>&#8211; Advertisement &#8211;<\/p>\n<p><strong>Hansi Flick ficou muito descontente quando descobriu que Dro Fern\u00e1ndez vai deixar o Barcelona nos pr\u00f3ximos dias.<\/strong><\/p>\n<p>Dro Fern\u00e1ndez <a href=\"https:\/\/bolanarede.pt\/especial-bola-na-rede\/atualidade\/grande-oportunidade-de-mercado-jovem-promessa-do-barcelona-pode-sair-por-apenas-6-milhoes-de-euros\/\" target=\"_blank\" rel=\"noreferrer noopener nofollow\">vai deixar de ser jogador do Barcelona<\/a>, estando disposto a pagar os seis milh\u00f5es da sua cl\u00e1usula de rescis\u00e3o, de maneira a rumar a um projeto onde possa ser considerado uma pe\u00e7a importante, sendo que existem v\u00e1rios interessados na jovem promessa galega.<\/p>\n<p>Quem ficou surpreendido e bastante triste com esta decis\u00e3o foi Hansi Flick, treinador que promoveu \u00e0 equipa principal dos catal\u00e3es. De acordo com o Sport, o alem\u00e3o referiu que esta era a maior desilus\u00e3o da sua vida.<\/p>\n<p>Ainda n\u00e3o \u00e9 conhecido o destino de Dro Fern\u00e1ndez, mas a sua sa\u00edda do Camp Nou deve ocorrer ainda neste mercado, j\u00e1 que o jogador completou os 18 anos no dia 12 de janeiro. <\/p>\n","protected":false},"excerpt":{"rendered":"&#8211; Advertisement &#8211; Hansi Flick ficou muito descontente quando descobriu que Dro Fern\u00e1ndez vai deixar o Barcelona nos&hellip;\n","protected":false},"author":2,"featured_media":232491,"comment_status":"","ping_status":"","sticky":false,"template":"","format":"standard","meta":{"footnotes":""},"categories":[8],"tags":[260,1235,27,28,478,44411,15,16,7914,14,5705,25,26,21,22,12,13,19,20,32,23,24,33,17,18,29,30,31],"class_list":{"0":"post-232490","1":"post","2":"type-post","3":"status-publish","4":"format-standard","5":"has-post-thumbnail","7":"category-principais-noticias","8":"tag-atualidade","9":"tag-barcelona","10":"tag-breaking-news","11":"tag-breakingnews","12":"tag-destaques-bnr","13":"tag-dro-fernandez","14":"tag-featured-news","15":"tag-featurednews","16":"tag-hansi-flick","17":"tag-headlines","18":"tag-la-liga","19":"tag-latest-news","20":"tag-latestnews","21":"tag-main-news","22":"tag-mainnews","23":"tag-news","24":"tag-noticias","25":"tag-noticias-principais","26":"tag-noticiasprincipais","27":"tag-portugal","28":"tag-principais-noticias","29":"tag-principaisnoticias","30":"tag-pt","31":"tag-top-stories","32":"tag-topstories","33":"tag-ultimas","34":"tag-ultimas-noticias","35":"tag-ultimasnoticias"},"share_on_mastodon":{"url":"https:\/\/pubeurope.com\/@pt\/115909302916479620","error":""},"_links":{"self":[{"href":"https:\/\/www.europesays.com\/pt\/wp-json\/wp\/v2\/posts\/232490","targetHints":{"allow":["GET"]}}],"collection":[{"href":"https:\/\/www.europesays.com\/pt\/wp-json\/wp\/v2\/posts"}],"about":[{"href":"https:\/\/www.europesays.com\/pt\/wp-json\/wp\/v2\/types\/post"}],"author":[{"embeddable":true,"href":"https:\/\/www.europesays.com\/pt\/wp-json\/wp\/v2\/users\/2"}],"replies":[{"embeddable":true,"href":"https:\/\/www.europesays.com\/pt\/wp-json\/wp\/v2\/comments?post=232490"}],"version-history":[{"count":0,"href":"https:\/\/www.europesays.com\/pt\/wp-json\/wp\/v2\/posts\/232490\/revisions"}],"wp:featuredmedia":[{"embeddable":true,"href":"https:\/\/www.europesays.com\/pt\/wp-json\/wp\/v2\/media\/232491"}],"wp:attachment":[{"href":"https:\/\/www.europesays.com\/pt\/wp-json\/wp\/v2\/media?parent=232490"}],"wp:term":[{"taxonomy":"category","embeddable":true,"href":"https:\/\/www.europesays.com\/pt\/wp-json\/wp\/v2\/categories?post=232490"},{"taxonomy":"post_tag","embeddable":true,"href":"https:\/\/www.europesays.com\/pt\/wp-json\/wp\/v2\/tags?post=232490"}],"curies":[{"name":"wp","href":"https:\/\/api.w.org\/{rel}","templated":true}]}}