{"id":232520,"date":"2026-01-17T08:41:04","date_gmt":"2026-01-17T08:41:04","guid":{"rendered":"https:\/\/www.europesays.com\/pt\/232520\/"},"modified":"2026-01-17T08:41:04","modified_gmt":"2026-01-17T08:41:04","slug":"selecionador-da-noruega-avisa-schjelderup-tem-de-mudar-de-clube","status":"publish","type":"post","link":"https:\/\/www.europesays.com\/pt\/232520\/","title":{"rendered":"Selecionador da Noruega avisa Schjelderup: \u00abTem de mudar de clube\u00bb"},"content":{"rendered":"<p data-end=\"532\" data-start=\"212\">Stale Solbakken, selecionador da Noruega, voltou a abordar a situa\u00e7\u00e3o de Andreas Schjelderup no Benfica e foi claro quanto ao futuro do jovem internacional, defendendo que a solu\u00e7\u00e3o passa por uma mudan\u00e7a de clube. Em declara\u00e7\u00f5es ao site noruegu\u00eas NRK, o t\u00e9cnico admitiu que o extremo vive um momento delicado na Luz.<\/p>\n<p data-end=\"835\" data-start=\"534\">\u00abSchjelderup est\u00e1 numa situa\u00e7\u00e3o dif\u00edcil, \u00e9 prec\u00e1ria e espero que encontrem uma solu\u00e7\u00e3o\u00bb, afirmou Solbakken sobre o pouco espa\u00e7o do jogador no plantel encarnado.<\/p>\n<p data-end=\"835\" data-start=\"534\">A mensagem do selecionador foi ainda mais direta quando falou do curto prazo.<\/p>\n<p data-end=\"835\" data-start=\"534\">\u00abSchjelderup tem de mudar de clube\u00bb, atirou.<\/p>\n<p data-end=\"1155\" data-start=\"837\">O tema reaviva a pol\u00e9mica de outubro passado, quando Solbakken protagonizou o momento mais tenso com Jos\u00e9 Mourinho, treinador do Benfica, ao <a href=\"https:\/\/maisfutebol.iol.pt\/benfica\/noruega\/selecionador-noruegues-defende-schjelderup-se-nunca-jogar-90-minutos\" target=\"_blank\" rel=\"nofollow noopener\">questionar publicamente a gest\u00e3o do jogador e a falta de minutos<\/a>, palavras que <a href=\"https:\/\/maisfutebol.iol.pt\/benfica\/jose-mourinho\/mourinho-critica-selecionador-da-noruega-agradecia-que-houvesse-respeito\" rel=\"nofollow noopener\" target=\"_blank\">n\u00e3o ca\u00edram bem no t\u00e9cnico portugu\u00eas<\/a> e geraram um raro bra\u00e7o-de-ferro verbal entre sele\u00e7\u00e3o e clube.<\/p>\n<p data-end=\"1525\" data-start=\"1157\">No mesmo contexto, Solbakken tamb\u00e9m se referiu a \u00d8rjan Nyland, guarda-redes do Sevilha, garantindo que \u00abtem de sair\u00bb para voltar a jogar com regularidade, ao contr\u00e1rio de Oscar Bobb, do Manchester City, por quem mostrou confian\u00e7a.<\/p>\n<p data-end=\"1525\" data-start=\"1157\">\u00abTemos um excelente di\u00e1logo com o Manchester City. O Pep [Guardiola] tem sido muito honesto e construtivo connosco e acredito que eles resolvam a situa\u00e7\u00e3o juntos\u00bb, referiu.<\/p>\n<p data-end=\"1743\" data-is-last-node=\"\" data-is-only-node=\"\" data-start=\"1527\">De recordar, esta temporada Schjelderup j\u00e1 realizou 22 jogos pelo Benfica, tendo apontado dois golos e tr\u00eas assist\u00eancias.<\/p>\n","protected":false},"excerpt":{"rendered":"Stale Solbakken, selecionador da Noruega, voltou a abordar a situa\u00e7\u00e3o de Andreas Schjelderup no Benfica e foi claro&hellip;\n","protected":false},"author":2,"featured_media":232521,"comment_status":"","ping_status":"","sticky":false,"template":"","format":"standard","meta":{"footnotes":""},"categories":[87],"tags":[51,135,46,965,32,33,47,32150,44434,134],"class_list":{"0":"post-232520","1":"post","2":"type-post","3":"status-publish","4":"format-standard","5":"has-post-thumbnail","7":"category-desporto","8":"tag-benfica","9":"tag-desporto","10":"tag-maisfutebol","11":"tag-noruega","12":"tag-portugal","13":"tag-pt","14":"tag-pura-paixao","15":"tag-schjelderup","16":"tag-solbakken","17":"tag-sports"},"share_on_mastodon":{"url":"","error":""},"_links":{"self":[{"href":"https:\/\/www.europesays.com\/pt\/wp-json\/wp\/v2\/posts\/232520","targetHints":{"allow":["GET"]}}],"collection":[{"href":"https:\/\/www.europesays.com\/pt\/wp-json\/wp\/v2\/posts"}],"about":[{"href":"https:\/\/www.europesays.com\/pt\/wp-json\/wp\/v2\/types\/post"}],"author":[{"embeddable":true,"href":"https:\/\/www.europesays.com\/pt\/wp-json\/wp\/v2\/users\/2"}],"replies":[{"embeddable":true,"href":"https:\/\/www.europesays.com\/pt\/wp-json\/wp\/v2\/comments?post=232520"}],"version-history":[{"count":0,"href":"https:\/\/www.europesays.com\/pt\/wp-json\/wp\/v2\/posts\/232520\/revisions"}],"wp:featuredmedia":[{"embeddable":true,"href":"https:\/\/www.europesays.com\/pt\/wp-json\/wp\/v2\/media\/232521"}],"wp:attachment":[{"href":"https:\/\/www.europesays.com\/pt\/wp-json\/wp\/v2\/media?parent=232520"}],"wp:term":[{"taxonomy":"category","embeddable":true,"href":"https:\/\/www.europesays.com\/pt\/wp-json\/wp\/v2\/categories?post=232520"},{"taxonomy":"post_tag","embeddable":true,"href":"https:\/\/www.europesays.com\/pt\/wp-json\/wp\/v2\/tags?post=232520"}],"curies":[{"name":"wp","href":"https:\/\/api.w.org\/{rel}","templated":true}]}}