{"id":232530,"date":"2026-01-17T08:56:43","date_gmt":"2026-01-17T08:56:43","guid":{"rendered":"https:\/\/www.europesays.com\/pt\/232530\/"},"modified":"2026-01-17T08:56:43","modified_gmt":"2026-01-17T08:56:43","slug":"vitamina-d-e-os-efeitos-da-falta-de-sol-e-do-excesso","status":"publish","type":"post","link":"https:\/\/www.europesays.com\/pt\/232530\/","title":{"rendered":"Vitamina D E Os Efeitos Da Falta De Sol E Do Excesso"},"content":{"rendered":"<p>A exist\u00eancia de quase toda a vida na Terra \u00e9 alimentada pela luz do Sol. Al\u00e9m de nos manter aquecidos, h\u00e1 in\u00fameras vantagens associadas \u00e0 exposi\u00e7\u00e3o dos raios solares. Mas enquanto a radia\u00e7\u00e3o ultravioleta na luz solar fornece uma s\u00e9rie de benef\u00edcios para o nosso bem-estar, ficar muito tempo no sol e sem prote\u00e7\u00e3o pode nos levar a outros problemas. Se adianta radicalizar e ficar sempre \u00e0 sombra? Nem ouse: a falta de luz solar inibe a produ\u00e7\u00e3o de vitamina D, que pode levar a graves danos ao organismo e \u00e0 mente.<\/p>\n<p>O Sol \u00e9 a estrela que fica no centro do Sistema Solar. Fonte mais importante de energia para a vida na Terra, esse astro-rei tem esfera quase perfeita de plasma quente e est\u00e1 a 150 milh\u00f5es de quil\u00f4metros de dist\u00e2ncia de n\u00f3s.<\/p>\n<p>A luz solar atinge a Terra na forma de radia\u00e7\u00e3o ultravioleta (UV). A luz solar tem efeitos positivos e negativos na sa\u00fade.<\/p>\n<p>A luz solar \u00e9 a principal fonte de vitamina D. Quando sua pele \u00e9 exposta ao Sol, ela produz vitamina D a partir do colesterol. Esse nutriente, conhecido como vitamina do sol, tem muitas fun\u00e7\u00f5es no corpo e \u00e9 essencial para a sa\u00fade.<\/p>\n<p>A vitamina D ajuda a regular a quantidade de c\u00e1lcio e fosfato no organismo. Esses nutrientes s\u00e3o vitais para manter ossos e m\u00fasculos saud\u00e1veis. A vitamina D tamb\u00e9m pode proteger contra infec\u00e7\u00f5es respirat\u00f3rias, decl\u00ednio cognitivo, dem\u00eancia e muito mais.<\/p>\n<p>Outro benef\u00edcio da exposi\u00e7\u00e3o aos raios ultravioleta \u00e9 a melhora no humor. Os raios do sol fornecem calor e luz que estimulam a sensa\u00e7\u00e3o geral de bem-estar. A luz solar tamb\u00e9m pode estimular a circula\u00e7\u00e3o sangu\u00ednea, o que aumenta os n\u00edveis de energia do corpo.<\/p>\n<p>Mas quanto tempo de banho de sol?<\/p>\n<p>A Organiza\u00e7\u00e3o Mundial da Sa\u00fade (OMS) afirma que cinco a 15 minutos de exposi\u00e7\u00e3o casual ao sol, incluindo m\u00e3os, rosto e bra\u00e7os, numa regularidade de duas a tr\u00eas vezes por semana, durante os meses de ver\u00e3o, \u00e9 suficiente para manter os n\u00edveis de vitamina D altos.<\/p>\n<p>A exposi\u00e7\u00e3o ao sol est\u00e1 associada ao momento da s\u00edntese da melatonina. A melatonina \u00e9 um horm\u00f4nio que regula o ciclo sono-vig\u00edlia. A luz solar tamb\u00e9m \u00e9 respons\u00e1vel pela manuten\u00e7\u00e3o de ritmos circadianos normais e robustos \u2013 um processo interno natural que regula o ciclo sono-vig\u00edlia e se repete aproximadamente a cada 24 horas.<\/p>\n<p>O UV na luz solar n\u00e3o apenas fornece ao corpo vitamina D, mas tamb\u00e9m \u00e9 uma fonte vital de \u00f3xido n\u00edtrico, essencial para o corpo humano como uma ferramenta para regular importantes processos fisiol\u00f3gicos, incluindo circula\u00e7\u00e3o sangu\u00ednea e metabolismo. A exposi\u00e7\u00e3o adequada ao \u00f3xido n\u00edtrico do sol ajudar\u00e1 a manter seu metabolismo funcionando sem problemas e lhe desencorajar\u00e1 a cometer excessos alimentares.<\/p>\n<p>A exposi\u00e7\u00e3o regular ao sol pode reduzir o risco de transtorno afetivo sazonal (SAD).<\/p>\n<p>SAD \u00e9 um dist\u00farbio de humor, tamb\u00e9m conhecido como uma depress\u00e3o sazonal ou \u2018depress\u00e3o de inverno\u2019, cujos sintomas surgem no outono e se prolongam at\u00e9 o fim da esta\u00e7\u00e3o mais fria do ano. Essa condi\u00e7\u00e3o est\u00e1 diretamente relacionada \u00e0 diminui\u00e7\u00e3o de luz solar.<\/p>\n<p>\u00c0s vezes chamado de \u2018tristeza do inverno\u2019, o SAD tem sido associado a um desequil\u00edbrio bioqu\u00edmico no c\u00e9rebro, causado por menos horas do dia, o que \u00e9 menos luz solar no inverno. Os sintomas \u2013 que incluem dormir demais, ter pouca ou nenhuma energia e comer demais \u2013 podem ser angustiantes e interferir na rotina de uma pessoa. J\u00e1 a condi\u00e7\u00e3o no ver\u00e3o pode incluir ansiedade aumentada.<\/p>\n<p>Estudos apontaram que uma pessoa do g\u00eanero feminino tem mais chances de desenvolver o transtorno afetivo sazonal do que um homem. A idade m\u00e9dia em que costuma aparecer o dist\u00farbio \u00e9 entre 18 e 30 anos. Curiosamente, o SAD \u00e9 quase inexistente em pessoas com mais de 60 anos.<\/p>\n<p>No inverno, os tratamentos para o transtorno afetivo sazonal cl\u00e1ssico incluem a terapia de luz, que envolve sentar em frente a uma caixa especializada que emite luz muito brilhante (e filtra os raios UV prejudiciais). Geralmente, s\u00e3o necess\u00e1rios 20 minutos ou mais por dia e a exposi\u00e7\u00e3o \u00e0 luz \u00e9 feita durante a manh\u00e3.<\/p>\n<p>Os perigos para a sa\u00fade de n\u00e3o receber luz solar suficiente<\/p>\n<p>A falta de luz solar pode levar a uma defici\u00eancia de vitamina D. Isso pode levar a v\u00e1rios problemas de sa\u00fade, incluindo aumento do risco de osteoporose, doen\u00e7as card\u00edacas, alguns tipos de c\u00e2ncer, doen\u00e7as infecciosas e at\u00e9 gripe, de acordo com a Harvard School of Public Health.<\/p>\n<p>A luz do sol pode induzir cegueira na neve ou fotoceratite. Essa \u00e9 uma condi\u00e7\u00e3o ocular dolorosa causada pela exposi\u00e7\u00e3o dos olhos que n\u00e3o foram bem protegidos aos raios UV provenientes da luz solar intensa ou de fontes artificiais, incluindo o arco el\u00e9trico de uma ferramenta de soldagem. O reflexo da neve e do gelo serve para aumentar a intensidade dos raios UV.<\/p>\n<p>Uma pesquisa apontou que as defici\u00eancias de vitamina D nos homens causadas pelo d\u00e9ficit de luz solar os tornam duas vezes mais propensos a desenvolver doen\u00e7as card\u00edacas.<\/p>\n<p>As crian\u00e7as que passam mais tempo fora de casa reduzem o risco de miopia (dificuldade de ver de longe). A miopia se desenvolve em jovens quando a lente p\u00e1ra de compensar o crescimento cont\u00ednuo do olho. Pessoas que foram expostas a n\u00edveis mais altos de radia\u00e7\u00e3o UV \u2013 um fator que est\u00e1 intimamente relacionado ao tempo que uma pessoa passa ao ar livre e \u00e9 exposto \u00e0 luz solar \u2013 acaba por ter menos tend\u00eancia a adquirir esse problema de vis\u00e3o.<\/p>\n<p>\u00c9 preciso tamb\u00e9m lembrar que a exposi\u00e7\u00e3o prolongada \u00e0 luz solar est\u00e1 associada a v\u00e1rios problemas de sa\u00fade.<\/p>\n<p>O tipo mais raro, por\u00e9m mais perigoso, de c\u00e2ncer de pele \u00e9 o melanoma. A principal causa do melanoma \u00e9 a exposi\u00e7\u00e3o aos raios UV nas pessoas com baixos n\u00edveis de melanina, pigmento da pele. As pessoas com muitos sinais), hist\u00f3rico de membros da fam\u00edlia afetados com melanoma e fun\u00e7\u00e3o imunol\u00f3gica deficiente est\u00e3o em maior risco.<\/p>\n<p>Pessoas negras precisam tamb\u00e9m ter cautela com a luz solar, apesar de terem um risco menor de desenvolver c\u00e2ncer de pele de melanoma ou n\u00e3o-melanoma, comparadas \u00e0 pessoas de tons claros. Os negros podem tolerar com seguran\u00e7a n\u00edveis relativamente altos de radia\u00e7\u00e3o UV sem se queimarem. Mas, independentemente da cor da pele, o risco de les\u00f5es oculares e efeitos nocivos no sistema imunol\u00f3gico permanece, de acordo com orienta\u00e7\u00e3o da OMS.<\/p>\n<p>Um dos efeitos mais significativos da exposi\u00e7\u00e3o prolongada ao sol \u00e9 a imunossupress\u00e3o induzida por UV, uma resposta imune defeituosa desencadeada pela radia\u00e7\u00e3o UV que afeta primeiro a pele e depois todo o corpo.<\/p>\n<p>Embora a catarata seja mais comum com o envelhecimento, a exposi\u00e7\u00e3o prolongada \u00e0 luz solar, entre outras causas, tamb\u00e9m pode levar \u00e0 turva\u00e7\u00e3o do cristalino, que resulta numa vis\u00e3o emba\u00e7ada e, consequentemente, diminui\u00e7\u00e3o da capacidade de enxergar.<\/p>\n<p>Uma pequena porcentagem da popula\u00e7\u00e3o tem uma condi\u00e7\u00e3o de pele que os torna particularmente sens\u00edveis aos raios UV do sol. Conhecida como fotossensibilidade, uma dose m\u00ednima de radia\u00e7\u00e3o UV \u00e9 suficiente para desencadear uma rea\u00e7\u00e3o al\u00e9rgica que leva a erup\u00e7\u00e3o cut\u00e2nea ou queimaduras solares graves. Uma doen\u00e7a mais geral \u00e9 a erup\u00e7\u00e3o da luz polim\u00f3rfica, uma erup\u00e7\u00e3o cut\u00e2nea bastante comum desencadeada pela exposi\u00e7\u00e3o \u00e0 luz solar ou luz UV artificial.<\/p>\n<p>O resultado mais \u00f3bvio da superexposi\u00e7\u00e3o \u00e0 radia\u00e7\u00e3o UV do sol \u00e9 a queimadura. Sinais e sintomas incluem pele rosada ou avermelhada e dor, sensibilidade e coceira. Ficar muito tempo no sol pode causar ainda incha\u00e7o e bolhas na pele. Dor de cabe\u00e7a, febre, n\u00e1usea e fadiga podem ocorrer se as queimaduras solares forem graves.<\/p>\n<p>Protetor solar e roupas apropriadas evitam queimaduras solares e alguns tipos de c\u00e2ncer de pele. As crian\u00e7as s\u00e3o particularmente suscet\u00edveis a queimaduras solares. Por isso, aten\u00e7\u00e3o redobrada com os pequenos.<\/p>\n<p>Qual o lugar que recebe menos luz solar?<\/p>\n<p>Os registros clim\u00e1ticos da ONU indicam que T\u00f3rshavn, a capital e maior cidade das Ilhas Faro\u00e9, recebe uma m\u00e9dia anual de apenas 840 horas por ano de sol, tornando-se o destino mais escuro, ou seja, menos ensolarado do planeta.<\/p>\n<p>E o lugar mais ensolarado da Terra?<\/p>\n<p>De acordo com a Organiza\u00e7\u00e3o Meteorol\u00f3gica Mundial, Yuma (foto), no Arizona (EUA), \u00e9 o lugar mais ensolarado do mundo. O destino tem um total de 11 horas de luz solar no inverno e at\u00e9 13 horas no ver\u00e3o. Isso significa que Yuma experimenta uma m\u00e9dia de 4.015 horas de sol por ano!<\/p>\n<p>Not\u00edcias ao Minuto<\/p>\n","protected":false},"excerpt":{"rendered":"A exist\u00eancia de quase toda a vida na Terra \u00e9 alimentada pela luz do Sol. Al\u00e9m de nos&hellip;\n","protected":false},"author":2,"featured_media":232531,"comment_status":"","ping_status":"","sticky":false,"template":"","format":"standard","meta":{"footnotes":""},"categories":[86],"tags":[8964,8876,8932,8925,8893,8871,8859,8872,8861,8849,8949,8855,8856,8857,8818,8870,8816,8854,8817,8813,8812,8809,8811,8810,8808,8814,8807,8806,8960,8931,8911,8959,8902,8883,8879,44435,8869,8968,8966,44436,8848,8796,8853,8938,8838,8837,8860,8846,8841,8852,8815,44437,8907,44438,8944,8952,8955,8953,8788,8894,8939,10861,8836,8850,8835,8912,44439,8901,8821,8858,8783,8875,8829,8827,8820,8828,8819,8824,8830,8826,8823,8877,8862,8825,8840,8832,8868,8867,8866,8865,8864,8863,8839,8899,8897,116,8847,8844,8843,8842,8845,8942,8923,8775,8892,8954,8891,62,8940,8777,8941,8933,8950,8958,8957,8778,8943,8789,8786,8976,8977,8934,8936,8937,8948,8881,8882,8935,8913,8978,8914,8928,8927,8921,8922,8920,8919,8915,8793,8946,8947,8903,8916,8908,8802,8951,8795,8905,8918,8906,8880,8787,8798,8776,8784,8917,8910,8781,8965,8924,8962,8929,8930,8961,8956,8909,8898,8900,8874,8895,8803,8889,8801,8904,8888,8805,8887,8779,8886,8794,8885,8890,8896,8878,8831,8834,8833,44440,8926,32,8851,33,8822,8790,8780,8797,8804,117,8873,8792,8963,44441,8799,8884,8945,8782,44442,8800,8791,8785,8108],"class_list":{"0":"post-232530","1":"post","2":"type-post","3":"status-publish","4":"format-standard","5":"has-post-thumbnail","7":"category-saude","8":"tag-ac24horas","9":"tag-ac24horas-gladson","10":"tag-ac24horas-ultimas-noticias-acre","11":"tag-ac24horas-ultimas-noticias-do-acre","12":"tag-acre-24-horas-ultimas-noticias","13":"tag-acre-br","14":"tag-acre-brasil","15":"tag-acre-cruzeiro","16":"tag-acre-cruzeiro-do-sul","17":"tag-acre-em-cruzeiro-do-sul","18":"tag-acre-em-noticias","19":"tag-acre-governador","20":"tag-acre-governo","21":"tag-acre-governo-do-estado","22":"tag-acre-licitacoes","23":"tag-acre-manaus","24":"tag-acre-news","25":"tag-acre-no-brasil","26":"tag-acre-noticias","27":"tag-acre-portal","28":"tag-acre-previdencia","29":"tag-acre-regiao","30":"tag-acre-restaurante","31":"tag-acre-rio","32":"tag-acre-rio-branco","33":"tag-acre-ultimas-noticias","34":"tag-acre-xapuri","35":"tag-acre-zona-franca-de-manaus","36":"tag-agencia-de-noticia-do-acre","37":"tag-agencia-de-noticias-do-acre","38":"tag-alto-acre-em-brasileia","39":"tag-alto-acre-noticias","40":"tag-alto-acre-noticias-da-fronteira","41":"tag-alto-acre-ultimas-noticias","42":"tag-alto-acre-ultimas-noticias-de-xapuri","43":"tag-atualizacoes-e-destaques-sobre-cultura","44":"tag-bairros-de-cruzeiro-do-sul-acre","45":"tag-bem-viver","46":"tag-boca-do-acre","47":"tag-brasil-e-mundo-em-tempo-real","48":"tag-carneiro-cruzeiro-do-sul-acre","49":"tag-colegio-rio-branco-noticias","50":"tag-concurso-cruzeiro-do-sul-acre","51":"tag-contilnet-noticias-acre","52":"tag-cortes-do-governo-lula-para-2025","53":"tag-cortes-do-governo-para-2025","54":"tag-cruzeiro-acre","55":"tag-cruzeiro-do-sul-acre-habitantes","56":"tag-de-cruzeiro-do-sul-acre","57":"tag-detran-cruzeiro-do-sul-acre","58":"tag-do-acre-para-o-mundo","59":"tag-e-do-excesso","60":"tag-eco-noticias-acre","61":"tag-economia-e-eventos-globais","62":"tag-ecos-da-noticia-acre","63":"tag-ecos-da-noticia-acre-ultimas-noticias-de-hoje","64":"tag-ecos-da-noticia-do-acre-24-horas","65":"tag-ecos-da-noticia-policial-de-acre","66":"tag-ecos-da-noticia-rio-branco","67":"tag-ecos-da-noticias-24-horas-acre","68":"tag-ecos-da-noticias-acre","69":"tag-efeitos","70":"tag-em-2025","71":"tag-em-cruzeiro-do-sul-acre","72":"tag-emprestimo-do-governo-para-mei-2025","73":"tag-energisa-acre-noticias","74":"tag-falta-de-sol","75":"tag-florestao-acre-noticias","76":"tag-fotos-gladson-cameli","77":"tag-g1-acre-cruzeiro-do-sul","78":"tag-g1-noticias-rio-branco-acre","79":"tag-gladson-acre","80":"tag-gladson-cameli-acre","81":"tag-gladson-cameli-candidato","82":"tag-gladson-cameli-divorcio","83":"tag-gladson-cameli-e-esposa","84":"tag-gladson-cameli-esposa","85":"tag-gladson-cameli-gabinete","86":"tag-gladson-cameli-governador","87":"tag-gladson-cameli-governador-do-acre","88":"tag-gladson-cameli-pp","89":"tag-gladson-ultimas-noticias","90":"tag-gov-online","91":"tag-governador-do-acre-gladson-cameli","92":"tag-governo-adia","93":"tag-governo-de-transicao","94":"tag-governo-digital","95":"tag-governo-digital-para","96":"tag-governo-federal","97":"tag-governo-geral","98":"tag-governo-hoje","99":"tag-governo-online","100":"tag-governo-preve","101":"tag-grupo-de-noticias-do-acre","102":"tag-grupo-de-noticias-whatsapp-acre","103":"tag-health","104":"tag-historia-de-cruzeiro-do-sul-acre","105":"tag-igarape-preto-cruzeiro-do-sul-acre","106":"tag-incra-cruzeiro-do-sul-acre","107":"tag-internet-cruzeiro-do-sul-acre","108":"tag-iptu-cruzeiro-do-sul-acre","109":"tag-jornais-do-acre-ecos-da-noticia","110":"tag-jornal-alto-acre-brasileia-ultimas-noticias","111":"tag-jornal-do-acre","112":"tag-jornal-do-acre-ultimas-noticias","113":"tag-jurua-noticia-cruzeiro-do-sul-acre","114":"tag-jurua-noticias-cruzeiro-do-sul-acre","115":"tag-mundo","116":"tag-na-hora-da-noticia-acre","117":"tag-na-hora-da-noticia-rio-branco-acre","118":"tag-na-rota-da-noticia-acre","119":"tag-noticia-acre","120":"tag-noticia-de-acrelandia","121":"tag-noticia-do-acre","122":"tag-noticia-do-acre-hoje","123":"tag-noticia-do-acre-rio-branco","124":"tag-noticia-imediata-acre","125":"tag-noticia-rio-branco-do-sul","126":"tag-noticias-24-horas-rio-branco-acre","127":"tag-noticias-ac-24-horas-in-foco-acre","128":"tag-noticias-ac-24horas-in-foco","129":"tag-noticias-acre","130":"tag-noticias-acre-24-horas","131":"tag-noticias-acre-agora","132":"tag-noticias-acre-g1","133":"tag-noticias-acre-hoje","134":"tag-noticias-acre-rio-branco","135":"tag-noticias-acreana","136":"tag-noticias-acreanas","137":"tag-noticias-acreinfoco-atualizacoes-24h-sobre-o-estado-do-acre-in-foco","138":"tag-noticias-acrelandia","139":"tag-noticias-alto-acre","140":"tag-noticias-assis-brasil-acre","141":"tag-noticias-boca-do-acre","142":"tag-noticias-brasileia-acre","143":"tag-noticias-capixaba-acre","144":"tag-noticias-cruzeiro-do-sul-acre","145":"tag-noticias-da-hora-acre","146":"tag-noticias-da-hora-rio-branco","147":"tag-noticias-de-acre","148":"tag-noticias-de-acrelandia","149":"tag-noticias-de-acrelandia-acre","150":"tag-noticias-de-boca-do-acre","151":"tag-noticias-de-epitaciolandia-acre","152":"tag-noticias-de-hoje","153":"tag-noticias-de-hoje-governo-do-acre","154":"tag-noticias-de-hoje-rio-branco","155":"tag-noticias-de-jordao-acre","156":"tag-noticias-de-mancio-lima-acre","157":"tag-noticias-de-porto-acre","158":"tag-noticias-de-porto-walter-acre","159":"tag-noticias-de-rio-branco","160":"tag-noticias-de-rio-branco-ac","161":"tag-noticias-de-rio-branco-acre","162":"tag-noticias-de-rio-branco-acre-brasil","163":"tag-noticias-de-tarauaca-acre-hoje","164":"tag-noticias-de-ultima-hora","165":"tag-noticias-do-acre","166":"tag-noticias-do-acre-24-horas","167":"tag-noticias-do-acre-governo","168":"tag-noticias-do-acre-hoje","169":"tag-noticias-do-acre-jornais","170":"tag-noticias-do-acre-policial","171":"tag-noticias-do-acre-rio-branco","172":"tag-noticias-do-alto-acre","173":"tag-noticias-do-estado-do-acre","174":"tag-noticias-em-destaque","175":"tag-noticias-feijo-acre","176":"tag-noticias-gladson","177":"tag-noticias-governo-acre","178":"tag-noticias-hoje","179":"tag-noticias-manoel-urbano-acre","180":"tag-noticias-para-hoje","181":"tag-noticias-placido-de-castro-acre","182":"tag-noticias-policiais-acre","183":"tag-noticias-rio","184":"tag-noticias-rio-acre","185":"tag-noticias-rio-branco-acre","186":"tag-noticias-rio-branco-acre-ultimas","187":"tag-noticias-rio-branco-hoje","188":"tag-noticias-sefaz-acre","189":"tag-noticias-sena-madureira-acre","190":"tag-noticias-senador-guiomard-acre","191":"tag-noticias-xapuri-acre","192":"tag-o-governo-vai-antecipar-o-decimo-de-2025-para-2024","193":"tag-orcamento-governo-para","194":"tag-plano-de-governo-para","195":"tag-politica-e-economia","196":"tag-portal-de-noticias-do-acre","197":"tag-portugal","198":"tag-prefeitura-de-cruzeiro-do-sul-acre","199":"tag-pt","200":"tag-quem-e-gladson-cameli","201":"tag-rio-branco","202":"tag-rio-branco-acre-ao-vivo","203":"tag-rio-branco-noticias","204":"tag-rio-noticias","205":"tag-saude","206":"tag-site-de-governo","207":"tag-temperatura-rio-branco","208":"tag-ultimas-noticia-do-acre","209":"tag-ultimas-noticias-atualizacoes-do-acre","210":"tag-ultimas-noticias-brasil-e-mundo","211":"tag-ultimas-noticias-de-cruzeiro-do-sul-acre","212":"tag-ultimas-noticias-de-hoje-policial","213":"tag-ultimas-noticias-de-rio-branco-acre-hoje","214":"tag-ultimas-noticias-do-mundo-atualizacoes-24h-sobre-politica","215":"tag-ultimas-noticias-no-brasil","216":"tag-ultimas-noticias-rio-branco","217":"tag-ultimas-noticias-rio-branco-acre","218":"tag-vitamina-d"},"share_on_mastodon":{"url":"","error":"Validation failed: Text character limit of 500 exceeded"},"_links":{"self":[{"href":"https:\/\/www.europesays.com\/pt\/wp-json\/wp\/v2\/posts\/232530","targetHints":{"allow":["GET"]}}],"collection":[{"href":"https:\/\/www.europesays.com\/pt\/wp-json\/wp\/v2\/posts"}],"about":[{"href":"https:\/\/www.europesays.com\/pt\/wp-json\/wp\/v2\/types\/post"}],"author":[{"embeddable":true,"href":"https:\/\/www.europesays.com\/pt\/wp-json\/wp\/v2\/users\/2"}],"replies":[{"embeddable":true,"href":"https:\/\/www.europesays.com\/pt\/wp-json\/wp\/v2\/comments?post=232530"}],"version-history":[{"count":0,"href":"https:\/\/www.europesays.com\/pt\/wp-json\/wp\/v2\/posts\/232530\/revisions"}],"wp:featuredmedia":[{"embeddable":true,"href":"https:\/\/www.europesays.com\/pt\/wp-json\/wp\/v2\/media\/232531"}],"wp:attachment":[{"href":"https:\/\/www.europesays.com\/pt\/wp-json\/wp\/v2\/media?parent=232530"}],"wp:term":[{"taxonomy":"category","embeddable":true,"href":"https:\/\/www.europesays.com\/pt\/wp-json\/wp\/v2\/categories?post=232530"},{"taxonomy":"post_tag","embeddable":true,"href":"https:\/\/www.europesays.com\/pt\/wp-json\/wp\/v2\/tags?post=232530"}],"curies":[{"name":"wp","href":"https:\/\/api.w.org\/{rel}","templated":true}]}}