{"id":232536,"date":"2026-01-17T09:09:07","date_gmt":"2026-01-17T09:09:07","guid":{"rendered":"https:\/\/www.europesays.com\/pt\/232536\/"},"modified":"2026-01-17T09:09:07","modified_gmt":"2026-01-17T09:09:07","slug":"al-hilal-acusa-jesus-de-declaracoes-irresponsaveis-e-vai-fazer-queixa-do-treinador","status":"publish","type":"post","link":"https:\/\/www.europesays.com\/pt\/232536\/","title":{"rendered":"Al Hilal acusa Jesus de \u00abdeclara\u00e7\u00f5es irrespons\u00e1veis\u00bb e vai fazer queixa do treinador"},"content":{"rendered":"<p>O Al Hial lan\u00e7ou um comunicado a reagir \u00e0s declara\u00e7\u00f5es de Jorge Jesus, que considerou que o Al Nassr \u00abn\u00e3o tem a for\u00e7a pol\u00edtica\u00bb da equipa que o t\u00e9cnico portugu\u00eas orientou duas vezes no passado.<\/p>\n<p>\u00abO Al Hilal condena as irrespons\u00e1veis declara\u00e7\u00f5es feitas \u00e0 imprensa por Jorge Jesus, treinador portugu\u00eas do Al Nassr, a visar o Al Hilal\u00bb, pode ler-se.<\/p>\n<p>O clube que lidera a Liga saudita considerou que as alega\u00e7\u00f5es lan\u00e7adas por Jesus foram \u00abinaceit\u00e1veis\u00bb e pediu que sejam tomadas medidas legais para p\u00f4r fim a declara\u00e7\u00f5es que no entender deste emblema prejudicam a forma como o futebol saudita \u00e9 visto no estrangeiro.<\/p>\n<p>\u00abO Al Hilal reitera a sua confian\u00e7a no sentido de que as autoridades competentes do desporto v\u00e3o adotar as medidas adequadas para com declara\u00e7\u00f5es como esta que inflamam a opini\u00e3o p\u00fablica sem justifica\u00e7\u00e3o, para al\u00e9m da ofensa que representa para o projeto desportivo saudita, e vai preencher uma queixa formal \u00e0s autoridades competentes para que tomem as medidas necess\u00e1rias\u00bb, aponta ainda o clube onde milita o portugu\u00eas R\u00faben Neves.<\/p>\n","protected":false},"excerpt":{"rendered":"O Al Hial lan\u00e7ou um comunicado a reagir \u00e0s declara\u00e7\u00f5es de Jorge Jesus, que considerou que o Al&hellip;\n","protected":false},"author":2,"featured_media":209971,"comment_status":"","ping_status":"","sticky":false,"template":"","format":"standard","meta":{"footnotes":""},"categories":[87],"tags":[5406,685,1145,135,82,1147,436,46,32,33,47,134],"class_list":{"0":"post-232536","1":"post","2":"type-post","3":"status-publish","4":"format-standard","5":"has-post-thumbnail","7":"category-desporto","8":"tag-al-hilal","9":"tag-al-nassr","10":"tag-arabia-saudita","11":"tag-desporto","12":"tag-internacional","13":"tag-jorge-jesus","14":"tag-made-in","15":"tag-maisfutebol","16":"tag-portugal","17":"tag-pt","18":"tag-pura-paixao","19":"tag-sports"},"share_on_mastodon":{"url":"https:\/\/pubeurope.com\/@pt\/115909660673152277","error":""},"_links":{"self":[{"href":"https:\/\/www.europesays.com\/pt\/wp-json\/wp\/v2\/posts\/232536","targetHints":{"allow":["GET"]}}],"collection":[{"href":"https:\/\/www.europesays.com\/pt\/wp-json\/wp\/v2\/posts"}],"about":[{"href":"https:\/\/www.europesays.com\/pt\/wp-json\/wp\/v2\/types\/post"}],"author":[{"embeddable":true,"href":"https:\/\/www.europesays.com\/pt\/wp-json\/wp\/v2\/users\/2"}],"replies":[{"embeddable":true,"href":"https:\/\/www.europesays.com\/pt\/wp-json\/wp\/v2\/comments?post=232536"}],"version-history":[{"count":0,"href":"https:\/\/www.europesays.com\/pt\/wp-json\/wp\/v2\/posts\/232536\/revisions"}],"wp:featuredmedia":[{"embeddable":true,"href":"https:\/\/www.europesays.com\/pt\/wp-json\/wp\/v2\/media\/209971"}],"wp:attachment":[{"href":"https:\/\/www.europesays.com\/pt\/wp-json\/wp\/v2\/media?parent=232536"}],"wp:term":[{"taxonomy":"category","embeddable":true,"href":"https:\/\/www.europesays.com\/pt\/wp-json\/wp\/v2\/categories?post=232536"},{"taxonomy":"post_tag","embeddable":true,"href":"https:\/\/www.europesays.com\/pt\/wp-json\/wp\/v2\/tags?post=232536"}],"curies":[{"name":"wp","href":"https:\/\/api.w.org\/{rel}","templated":true}]}}