{"id":232542,"date":"2026-01-17T09:23:07","date_gmt":"2026-01-17T09:23:07","guid":{"rendered":"https:\/\/www.europesays.com\/pt\/232542\/"},"modified":"2026-01-17T09:23:07","modified_gmt":"2026-01-17T09:23:07","slug":"geny-e-daniel-braganca-dao-vitoria-ao-sporting-frente-ao-casa-pia","status":"publish","type":"post","link":"https:\/\/www.europesays.com\/pt\/232542\/","title":{"rendered":"Geny e Daniel Bragan\u00e7a d\u00e3o vit\u00f3ria ao Sporting frente ao Casa Pia"},"content":{"rendered":"<p data-remotead-prev-elm=\"true\" data-remotead-elm-id=\"inread\">Rui Borges promoveu a estreia a titular de Lu\u00eds Guilherme e adaptou Fresneda a lateral esquerdo, uma vez que Maxi Ara\u00fajo cumpria suspens\u00e3o e Ricardo Mangas n\u00e3o estaria nas melhores condi\u00e7\u00f5es f\u00edsicas. Com muitas baixas, por les\u00e3o e castigo, o Sporting ressentiu-se e, apesar de dominar territorialmente, sentiu dificuldades para ultrapassar a defesa do Casa Pia.<\/p>\n<p>Ap\u00f3s tr\u00eas remates por cima de Luis Su\u00e1rez, Alvalade festejou o primeiro aos 38 minutos,. Regressado da Ta\u00e7a das Na\u00e7\u00f5es Africanas, Geny Catamo rematou de p\u00e9 esquerdo, com a bola a desviar num defesa e a trair Patrick Sequeira.<\/p>\n<p>O internacional mo\u00e7ambicano s\u00f3 precisou de mais cinco minutos para voltar a acertar no alvo. Desmarcado por um passe fant\u00e1stico de Gon\u00e7alo In\u00e1cio, o extremo disparou para o 2-0 que se registou ao intervalo.<\/p>\n<p data-remotead-prev-elm=\"true\" data-remotead-elm-id=\"centro1\">A segunda parte come\u00e7ou com um remate perigoso de Livolant e, no outro extremo, Trinc\u00e3o n\u00e3o conseguiu aproveitar uma defesa para a frente de Patrick Sequeira. Em cima da hora de jogo, Tiago Morais obrigou Rui Silva a defesa atenta e, pouco depois, Alvalade aplaudiu o regresso \u00e0 competi\u00e7\u00e3o de Daniel Bragan\u00e7a, ap\u00f3s uma longa paragem por les\u00e3o.<\/p>\n<p>Geny ainda come\u00e7ou a celebrar o &#8220;hat-trick&#8221;, mas o mo\u00e7ambicano estava fora de jogo, e o terceiro golo chegou ao minuto 78. Erro na sa\u00edda de bola do Casa Pia, recupera\u00e7\u00e3o de Jo\u00e3o Sim\u00f5es e Su\u00e1rez a assistir para o golo especial de Daniel Bragan\u00e7a, que n\u00e3o jogava pela equipa principal desde 15 de fevereiro.<\/p>\n","protected":false},"excerpt":{"rendered":"Rui Borges promoveu a estreia a titular de Lu\u00eds Guilherme e adaptou Fresneda a lateral esquerdo, uma vez&hellip;\n","protected":false},"author":2,"featured_media":232543,"comment_status":"","ping_status":"","sticky":false,"template":"","format":"standard","meta":{"footnotes":""},"categories":[87],"tags":[1529,135,9010,36,32,33,34,134],"class_list":{"0":"post-232542","1":"post","2":"type-post","3":"status-publish","4":"format-standard","5":"has-post-thumbnail","7":"category-desporto","8":"tag-casa-pia","9":"tag-desporto","10":"tag-geny-catamo","11":"tag-liga","12":"tag-portugal","13":"tag-pt","14":"tag-sporting","15":"tag-sports"},"share_on_mastodon":{"url":"https:\/\/pubeurope.com\/@pt\/115909715901061431","error":""},"_links":{"self":[{"href":"https:\/\/www.europesays.com\/pt\/wp-json\/wp\/v2\/posts\/232542","targetHints":{"allow":["GET"]}}],"collection":[{"href":"https:\/\/www.europesays.com\/pt\/wp-json\/wp\/v2\/posts"}],"about":[{"href":"https:\/\/www.europesays.com\/pt\/wp-json\/wp\/v2\/types\/post"}],"author":[{"embeddable":true,"href":"https:\/\/www.europesays.com\/pt\/wp-json\/wp\/v2\/users\/2"}],"replies":[{"embeddable":true,"href":"https:\/\/www.europesays.com\/pt\/wp-json\/wp\/v2\/comments?post=232542"}],"version-history":[{"count":0,"href":"https:\/\/www.europesays.com\/pt\/wp-json\/wp\/v2\/posts\/232542\/revisions"}],"wp:featuredmedia":[{"embeddable":true,"href":"https:\/\/www.europesays.com\/pt\/wp-json\/wp\/v2\/media\/232543"}],"wp:attachment":[{"href":"https:\/\/www.europesays.com\/pt\/wp-json\/wp\/v2\/media?parent=232542"}],"wp:term":[{"taxonomy":"category","embeddable":true,"href":"https:\/\/www.europesays.com\/pt\/wp-json\/wp\/v2\/categories?post=232542"},{"taxonomy":"post_tag","embeddable":true,"href":"https:\/\/www.europesays.com\/pt\/wp-json\/wp\/v2\/tags?post=232542"}],"curies":[{"name":"wp","href":"https:\/\/api.w.org\/{rel}","templated":true}]}}