{"id":232549,"date":"2026-01-17T09:37:09","date_gmt":"2026-01-17T09:37:09","guid":{"rendered":"https:\/\/www.europesays.com\/pt\/232549\/"},"modified":"2026-01-17T09:37:09","modified_gmt":"2026-01-17T09:37:09","slug":"vitoria-de-guimaraes-tambem-quer-um-2026-e-o-novo-2016","status":"publish","type":"post","link":"https:\/\/www.europesays.com\/pt\/232549\/","title":{"rendered":"Vit\u00f3ria de Guimar\u00e3es tamb\u00e9m quer um &#8216;2026 \u00e9 o novo 2016&#8217;"},"content":{"rendered":"<p>Depois de um fim-de-semana passado de gl\u00f3ria com a conquista da Ta\u00e7a da Liga, o <a class=\"autolink-enabled\" data-resource-id=\"443\" data-resource-type=\"team\" data-sport=\"football\" href=\"https:\/\/www.abola.pt\/futebol\/vitoria-de-guimaraes-443\" rel=\"nofollow noopener\" target=\"_blank\">Vit\u00f3ria de Guimar\u00e3es<\/a> tem agora outro grande desafio pela frente: vencer o <a class=\"autolink-enabled\" data-resource-id=\"451\" data-resource-type=\"team\" data-sport=\"football\" href=\"https:\/\/www.abola.pt\/futebol\/fc-porto-451\" rel=\"nofollow noopener\" target=\"_blank\">FC Porto<\/a> no est\u00e1dio D. Afonso Henriques &#8211; algo que n\u00e3o acontece desde&#8230; 2016.<\/p>\n<p>Recentemente, tem-se popularizado nas redes sociais (brincadeira que j\u00e1 entrou tamb\u00e9m no mundo futebol) a trend 2026 is the new 2016 [2026 \u00e9 o novo 2016]. Por exemplo, seguindo esta tend\u00eancia, \u00e0 semelhan\u00e7a do que aconteceu h\u00e1 dez anos (com o Europeu de Fran\u00e7a), Portugal voltaria este ano a vencer um t\u00edtulo internacional &#8211; no caso, o <a class=\"autolink-enabled\" data-resource-id=\"30\" data-resource-type=\"competition\" data-sport=\"football\" href=\"https:\/\/www.abola.pt\/futebol\/competicao\/mundial-30\" rel=\"nofollow noopener\" target=\"_blank\">Mundial<\/a> nos EUA, Canad\u00e1 e M\u00e9xico.<\/p>\n<p>\u00c9 precisamente em busca de cumprir esta tend\u00eancia que conquistadores entrar\u00e3o em campo no pr\u00f3ximo domingo. \u00c9 que&#8230; no \u00fanico jogo em que vitorianos e drag\u00f5es se defrontaram em 2016 na cidade-ber\u00e7o, a vit\u00f3ria caiu para os vitorianos: 1-0, com um golo de Bouba Sar\u00e9. Curiosamente, este s\u00e1bado, dia 17, um dia antes do novo encontro para a 18.\u00aa jornada (domingo, \u00e0s 20h30), cumprem-se dez anos desta \u00faltima vit\u00f3ria.<\/p>\n<p>Desde ent\u00e3o, em dez jogos realizados entre as duas equipas no reduto vimaranense, os minhotos n\u00e3o mais sorriram perante o azuis e brancos. O melhor que conseguiram foi mesmo um empate sem golos em 2019. De resto, perderam nove vezes.<\/p>\n<p>Os indicadores para se cumprir a tal moda s\u00e3o bons. Al\u00e9m do atual excelente momento de forma (conquista da Ta\u00e7a da Liga e tr\u00eas vit\u00f3rias seguidas), a forma\u00e7\u00e3o orientada por Lu\u00eds Pinto foi a \u00fanica portuguesa e em territ\u00f3rio portugu\u00eas, a derrotar o FC Porto esta temporada: 3-1, nos quartos de final da Ta\u00e7a da Liga, em pleno Est\u00e1dio do Drag\u00e3o. Al\u00e9m desse desaire, drag\u00f5es s\u00f3 perderam contra o <a class=\"autolink-enabled\" data-resource-id=\"133\" data-resource-type=\"team\" data-sport=\"football\" href=\"https:\/\/www.abola.pt\/futebol\/nottingham-forest-133\" rel=\"nofollow noopener\" target=\"_blank\">Nottingham Forest<\/a> (1-0), mas em Inglaterra, para a Liga Europa.<\/p>\n<p>Quebrar o tal engui\u00e7o de dez anos permitiria ao Vit\u00f3ria de Guimar\u00e3es igualar a melhor sequ\u00eancia de vit\u00f3rias da \u00e9poca: quatro. Curiosamente, na s\u00e9rie anterior (cumprida entre novembro e dezembro), o quarto triunfo tamb\u00e9m foi contra o FC Porto, no desafio supramencionado. Agora, conquistadores v\u00eam de tr\u00eas vit\u00f3rias seguidas &#8211; <a class=\"autolink-enabled\" data-resource-id=\"463\" data-resource-type=\"team\" data-sport=\"football\" href=\"https:\/\/www.abola.pt\/futebol\/nacional-463\" rel=\"nofollow noopener\" target=\"_blank\">Nacional<\/a> (2-1), <a class=\"autolink-enabled\" data-resource-id=\"448\" data-resource-type=\"team\" data-sport=\"football\" href=\"https:\/\/www.abola.pt\/futebol\/sporting-448\" rel=\"nofollow noopener\" target=\"_blank\">Sporting<\/a> (2-1) e <a class=\"autolink-enabled\" data-resource-id=\"457\" data-resource-type=\"team\" data-sport=\"football\" href=\"https:\/\/www.abola.pt\/futebol\/sc-braga-457\" rel=\"nofollow noopener\" target=\"_blank\">SC Braga<\/a> (2-1) &#8211; e buscam novo brilharete, para que a quarta possa mesmo chegar novamente diante portistas.<\/p>\n","protected":false},"excerpt":{"rendered":"Depois de um fim-de-semana passado de gl\u00f3ria com a conquista da Ta\u00e7a da Liga, o Vit\u00f3ria de Guimar\u00e3es&hellip;\n","protected":false},"author":2,"featured_media":232550,"comment_status":"","ping_status":"","sticky":false,"template":"","format":"standard","meta":{"footnotes":""},"categories":[87],"tags":[135,32,33,134],"class_list":{"0":"post-232549","1":"post","2":"type-post","3":"status-publish","4":"format-standard","5":"has-post-thumbnail","7":"category-desporto","8":"tag-desporto","9":"tag-portugal","10":"tag-pt","11":"tag-sports"},"share_on_mastodon":{"url":"https:\/\/pubeurope.com\/@pt\/115909770958123196","error":""},"_links":{"self":[{"href":"https:\/\/www.europesays.com\/pt\/wp-json\/wp\/v2\/posts\/232549","targetHints":{"allow":["GET"]}}],"collection":[{"href":"https:\/\/www.europesays.com\/pt\/wp-json\/wp\/v2\/posts"}],"about":[{"href":"https:\/\/www.europesays.com\/pt\/wp-json\/wp\/v2\/types\/post"}],"author":[{"embeddable":true,"href":"https:\/\/www.europesays.com\/pt\/wp-json\/wp\/v2\/users\/2"}],"replies":[{"embeddable":true,"href":"https:\/\/www.europesays.com\/pt\/wp-json\/wp\/v2\/comments?post=232549"}],"version-history":[{"count":0,"href":"https:\/\/www.europesays.com\/pt\/wp-json\/wp\/v2\/posts\/232549\/revisions"}],"wp:featuredmedia":[{"embeddable":true,"href":"https:\/\/www.europesays.com\/pt\/wp-json\/wp\/v2\/media\/232550"}],"wp:attachment":[{"href":"https:\/\/www.europesays.com\/pt\/wp-json\/wp\/v2\/media?parent=232549"}],"wp:term":[{"taxonomy":"category","embeddable":true,"href":"https:\/\/www.europesays.com\/pt\/wp-json\/wp\/v2\/categories?post=232549"},{"taxonomy":"post_tag","embeddable":true,"href":"https:\/\/www.europesays.com\/pt\/wp-json\/wp\/v2\/tags?post=232549"}],"curies":[{"name":"wp","href":"https:\/\/api.w.org\/{rel}","templated":true}]}}