{"id":232608,"date":"2026-01-17T10:24:21","date_gmt":"2026-01-17T10:24:21","guid":{"rendered":"https:\/\/www.europesays.com\/pt\/232608\/"},"modified":"2026-01-17T10:24:21","modified_gmt":"2026-01-17T10:24:21","slug":"se-tiver-de-ir-a-washington-nao-vou-a-rastejar-observador","status":"publish","type":"post","link":"https:\/\/www.europesays.com\/pt\/232608\/","title":{"rendered":"&#8220;Se tiver de ir a Washington, n\u00e3o vou a rastejar&#8221; \u2013 Observador"},"content":{"rendered":"<p>A Presidente interina venezuelana, Delcy Rodr\u00edguez, disse, esta quinta-feira, que o regime \u201cn\u00e3o tem medo de encarar diplomaticamente\u201d os Estados Unidos da Am\u00e9rica (EUA). A pol\u00edtica que sucedeu a Nicol\u00e1s Maduro avisou que a Venezuela \u201cest\u00e1 a ser amea\u00e7ada\u201d e apelou \u00e0 \u201cuni\u00e3o nacional\u201d para enfrentar a \u201cbatalha diplom\u00e1tica\u201d em curso contra um pa\u00eds \u201cmuito poderoso\u201d que \u00e9 uma \u201cpot\u00eancia nuclear letal\u201d.<\/p>\n<p>Num discurso na Assembleia Nacional venezuelana, Delcy Rodr\u00edguez demonstrou abertura para ir a Washington, sendo que j\u00e1 se falou na possibilidade de a Presidente interina ir \u00e0 Casa Branca encontrar-se com o Presidente norte-americano, Donald Trump. \u201cSe algu\u00e9m dia me calhar, como Presidente interina, ir a Washington, <strong>vou de p\u00e9, a caminhar e n\u00e3o a rastejar\u201d,<\/strong> garantiu.<\/p>\n<blockquote class=\"twitter-tweet\" data-width=\"500\" data-dnt=\"true\">\n<p lang=\"es\" dir=\"ltr\">DELCY RODR\u00cdGUEZ LLAMA A LA &#8220;BATALLA DIPLOM\u00c1TICA&#8221;<\/p>\n<p>&#8220;Si alg\u00fan d\u00eda me tocara ir a Washington, ir\u00e9 de pie, no arrastrada, ser\u00e1 de pie, nunca reptando ni arrastr\u00e1ndome&#8221;. <br \/>Parece que le doli\u00f3. <br \/>Cortes\u00eda <a href=\"https:\/\/twitter.com\/DarvinsonRojas?ref_src=twsrc%5Etfw\" rel=\"nofollow noopener\" target=\"_blank\">@DarvinsonRojas<\/a> <a href=\"https:\/\/t.co\/Bq80QfIxng\" rel=\"nofollow\">pic.twitter.com\/Bq80QfIxng<\/a><\/p>\n<p>\u2014 Miguel\u00c1ngelRodr\u00edguez (@MiguelContigo) <a href=\"https:\/\/twitter.com\/MiguelContigo\/status\/2011909182228734070?ref_src=twsrc%5Etfw\" rel=\"nofollow noopener\" target=\"_blank\">January 15, 2026<\/a><\/p>\n<\/blockquote>\n<p>\u201cJ\u00e1 basta de classes pol\u00edticas que usurpam o que \u00e9 ser pol\u00edtico para entregar-se \u00e0s ordens de Washington. E digo isto eu, que a Hist\u00f3ria deu-me essa responsabilidade, num dos momentos mais duros para preservar a paz\u201d, afirmou Delcy Rodr\u00edguez, que pediu aos venezuelanos para \u201cn\u00e3o terem medo das contradi\u00e7\u00f5es\u201d.<\/p>\n<p>A Presidente interina denunciou a exist\u00eancia de uma \u201cmancha\u201d na rela\u00e7\u00e3o entre os EUA e a Venezuela. Os norte-americanos \u201ccruzaram as linhas vermelhas\u201d, quando \u201catacaram, agrediram, mataram, invadiram e sequestraram o Presidente Maduro e a primeira-dama\u201d, acusou Delcy Rodr\u00edguez, acrescentando que essa \u201cmancha\u201d ter\u00e1 de ser resolvida \u201cdiplomaticamente\u201d.<\/p>\n<p>\u00c9 neste contexto que est\u00e1 em curso uma <strong>\u201cnova pol\u00edtica na Venezuela\u201d<\/strong>. Nessa l\u00f3gica, Delcy Rodr\u00edguez, apesar das cr\u00edticas que teceu aos Estados Unidos, assinalou estar dispon\u00edvel numa agenda de \u201ccoopera\u00e7\u00e3o\u201d com os Estados Unidos.<\/p>\n<p>A Venezuela tamb\u00e9m tem o direito de<strong> \u201cmanter rela\u00e7\u00f5es com todos os povos do mundo\u201d, <\/strong>salientou a Presidente interina, ilustrando: \u201cTemos direito a faz\u00ea-lo de forma respeitosa, mas sempre com respeito pelas leis internacionais\u201d.<\/p>\n<p>            <script async src=\"https:\/\/platform.twitter.com\/widgets.js\" charset=\"utf-8\"><\/script><\/p>\n","protected":false},"excerpt":{"rendered":"A Presidente interina venezuelana, Delcy Rodr\u00edguez, disse, esta quinta-feira, que o regime \u201cn\u00e3o tem medo de encarar diplomaticamente\u201d&hellip;\n","protected":false},"author":2,"featured_media":232609,"comment_status":"","ping_status":"","sticky":false,"template":"","format":"standard","meta":{"footnotes":""},"categories":[50],"tags":[624,27,28,623,15,16,14,25,26,21,22,62,12,11336,13,19,20,23,24,17,18,29,30,31,3023,63,64,65],"class_list":{"0":"post-232608","1":"post","2":"type-post","3":"status-publish","4":"format-standard","5":"has-post-thumbnail","7":"category-mundo","8":"tag-amu00e9rica","9":"tag-breaking-news","10":"tag-breakingnews","11":"tag-estados-unidos-da-amu00e9rica","12":"tag-featured-news","13":"tag-featurednews","14":"tag-headlines","15":"tag-latest-news","16":"tag-latestnews","17":"tag-main-news","18":"tag-mainnews","19":"tag-mundo","20":"tag-news","21":"tag-nicolu00e1s-maduro","22":"tag-noticias","23":"tag-noticias-principais","24":"tag-noticiasprincipais","25":"tag-principais-noticias","26":"tag-principaisnoticias","27":"tag-top-stories","28":"tag-topstories","29":"tag-ultimas","30":"tag-ultimas-noticias","31":"tag-ultimasnoticias","32":"tag-venezuela","33":"tag-world","34":"tag-world-news","35":"tag-worldnews"},"share_on_mastodon":{"url":"https:\/\/pubeurope.com\/@pt\/115909955656554827","error":""},"_links":{"self":[{"href":"https:\/\/www.europesays.com\/pt\/wp-json\/wp\/v2\/posts\/232608","targetHints":{"allow":["GET"]}}],"collection":[{"href":"https:\/\/www.europesays.com\/pt\/wp-json\/wp\/v2\/posts"}],"about":[{"href":"https:\/\/www.europesays.com\/pt\/wp-json\/wp\/v2\/types\/post"}],"author":[{"embeddable":true,"href":"https:\/\/www.europesays.com\/pt\/wp-json\/wp\/v2\/users\/2"}],"replies":[{"embeddable":true,"href":"https:\/\/www.europesays.com\/pt\/wp-json\/wp\/v2\/comments?post=232608"}],"version-history":[{"count":0,"href":"https:\/\/www.europesays.com\/pt\/wp-json\/wp\/v2\/posts\/232608\/revisions"}],"wp:featuredmedia":[{"embeddable":true,"href":"https:\/\/www.europesays.com\/pt\/wp-json\/wp\/v2\/media\/232609"}],"wp:attachment":[{"href":"https:\/\/www.europesays.com\/pt\/wp-json\/wp\/v2\/media?parent=232608"}],"wp:term":[{"taxonomy":"category","embeddable":true,"href":"https:\/\/www.europesays.com\/pt\/wp-json\/wp\/v2\/categories?post=232608"},{"taxonomy":"post_tag","embeddable":true,"href":"https:\/\/www.europesays.com\/pt\/wp-json\/wp\/v2\/tags?post=232608"}],"curies":[{"name":"wp","href":"https:\/\/api.w.org\/{rel}","templated":true}]}}