{"id":232630,"date":"2026-01-17T10:39:08","date_gmt":"2026-01-17T10:39:08","guid":{"rendered":"https:\/\/www.europesays.com\/pt\/232630\/"},"modified":"2026-01-17T10:39:08","modified_gmt":"2026-01-17T10:39:08","slug":"blasco-expressa-consternacao-sobre-acusacao-de-tortura-na-psp-e-defende-cultura-de-direitos-humanos","status":"publish","type":"post","link":"https:\/\/www.europesays.com\/pt\/232630\/","title":{"rendered":"Blasco expressa consterna\u00e7\u00e3o sobre acusa\u00e7\u00e3o de tortura na PSP e defende cultura de Direitos Humanos"},"content":{"rendered":"<p>\u201cFoi com <strong>profunda consterna\u00e7\u00e3o e preocupa\u00e7\u00e3o que tive conhecimento da acusa\u00e7\u00e3o<\/strong> que envolve dois agentes da PSP pela pr\u00e1tica de diversos crimes graves, na esquadra do Rato, em Lisboa\u201d, afirma  ex-ministra da Administra\u00e7\u00e3o Interna, Margarida Blasco, em resposta escrita ao DN quando questionada sobre o que pensava do caso.<\/p>\n<p>\u201cSei que <strong>este tipo de comportamento n\u00e3o corresponde ao profissionalismo e \u00e0 compet\u00eancia com que a generalidade dos elementos da PSP<\/strong> exerce diariamente a sua miss\u00e3o, no escrupuloso respeito e cultura de Direitos Humanos, a favor da comunidade que somos, honrando os princ\u00edpios do Estado de direito, com os seus direitos fundamentais\u201d, sublinha a tamb\u00e9m antiga inspetora-geral da Administra\u00e7\u00e3o Interna.<\/p>\n<p>Blasco afian\u00e7a saber que <strong>\u201cas pr\u00e1ticas desviantes por parte de alguns elementos, como \u00e9 o presente caso, s\u00e3o do  desagrado da pr\u00f3pria PSP e dos agentes que  integram\u201d<\/strong>.<\/p>\n<p>Recorda que sempre defendeu \u201cuma s\u00f3lida forma\u00e7\u00e3o neste dom\u00ednio, inicial e cont\u00ednua, mas sobretudo no fomento de uma verdadeira cultura de Direitos Humanos, como elemento estruturante na forma de capacita\u00e7\u00e3o dos profissionais de Policia para o desempenho das suas importantes fun\u00e7\u00f5es\u201d.<\/p>\n<p>Margarida Blasco <a aria-label=\"content\" target=\"_blank\" href=\"https:\/\/diariodarepublica.pt\/dr\/detalhe\/despacho\/11271-2024-888843218\" rel=\"nofollow noopener\">deixou um despacho, publicado em setembro de 2024<\/a>, que visava, precisamente criar uma estrat\u00e9gia de forma\u00e7\u00e3o para todos os estabelecimentos de ensino das for\u00e7as de seguran\u00e7a, com foco nos Direitos Humanos, no <strong>combate ao racismo e \u00e0 xenofobia.<\/strong> Foi criado um grupo de trabalho, mas n\u00e3o foram ainda conhecidos os resultados.<\/p>\n<p><a aria-label=\"content\" target=\"_blank\" href=\"https:\/\/www.dn.pt\/politica\/margarida-blasco-a-formacao-que-estamos-a-dar-vai-retirar-a-fruta-podre-do-grande-cesto-que-sao-as-forcas-de-seguranca\" rel=\"nofollow noopener\">Em entrevista ao DN e \u00e0 TSF<\/a>, dois meses antes, tinha deixado a sua convic\u00e7\u00e3o de que a forma\u00e7\u00e3o que estava a ser dada, iria \u201cretirar a fruta podre do grande cesto que s\u00e3o as for\u00e7as de seguran\u00e7a\u201d.<\/p>\n<p>Na mesma resposta escrita, a antiga ministra sublinha que \u201co papel das institui\u00e7\u00f5es de ensino das For\u00e7as de Seguran\u00e7a e da IGAI, como \u00f3rg\u00e3o de controlo externo da atividade policial, s\u00e3o fundamentais para consolidar esta cultura de defesa intransigente dos Direitos Humanos e de intoler\u00e2ncia \u00e0 pr\u00e1tica de atos de tortura, tratamentos cru\u00e9is, desumanos, degradantes e comportamentos discriminat\u00f3rios\u201d.<\/p>\n<p>Refor\u00e7a que <strong>\u201ceste tipo de comportamentos n\u00e3o pode ser tolerado numa sociedade democr\u00e1tica como a nossa\u201d<\/strong>.<\/p>\n<p>Conclui, garantindo que continua \u201ca acreditar nas nossas For\u00e7as de Seguran\u00e7a e na sua capacidade de expurgar em qualquer circunst\u00e2ncia, todos aqueles que n\u00e3o cumprem a sua miss\u00e3o e\/ou abusam do poder\/dever de que est\u00e3o investidos\u201d.<\/p>\n","protected":false},"excerpt":{"rendered":"\u201cFoi com profunda consterna\u00e7\u00e3o e preocupa\u00e7\u00e3o que tive conhecimento da acusa\u00e7\u00e3o que envolve dois agentes da PSP pela&hellip;\n","protected":false},"author":2,"featured_media":232631,"comment_status":"","ping_status":"","sticky":false,"template":"","format":"standard","meta":{"footnotes":""},"categories":[10],"tags":[27,28,604,15,16,14,25,26,21,22,6862,12,13,19,20,26772,32,23,24,33,1717,17,18,29,30,31],"class_list":{"0":"post-232630","1":"post","2":"type-post","3":"status-publish","4":"format-standard","5":"has-post-thumbnail","7":"category-portugal","8":"tag-breaking-news","9":"tag-breakingnews","10":"tag-crime","11":"tag-featured-news","12":"tag-featurednews","13":"tag-headlines","14":"tag-latest-news","15":"tag-latestnews","16":"tag-main-news","17":"tag-mainnews","18":"tag-margarida-blasco","19":"tag-news","20":"tag-noticias","21":"tag-noticias-principais","22":"tag-noticiasprincipais","23":"tag-policias","24":"tag-portugal","25":"tag-principais-noticias","26":"tag-principaisnoticias","27":"tag-pt","28":"tag-seguranca","29":"tag-top-stories","30":"tag-topstories","31":"tag-ultimas","32":"tag-ultimas-noticias","33":"tag-ultimasnoticias"},"share_on_mastodon":{"url":"https:\/\/pubeurope.com\/@pt\/115910014761879727","error":""},"_links":{"self":[{"href":"https:\/\/www.europesays.com\/pt\/wp-json\/wp\/v2\/posts\/232630","targetHints":{"allow":["GET"]}}],"collection":[{"href":"https:\/\/www.europesays.com\/pt\/wp-json\/wp\/v2\/posts"}],"about":[{"href":"https:\/\/www.europesays.com\/pt\/wp-json\/wp\/v2\/types\/post"}],"author":[{"embeddable":true,"href":"https:\/\/www.europesays.com\/pt\/wp-json\/wp\/v2\/users\/2"}],"replies":[{"embeddable":true,"href":"https:\/\/www.europesays.com\/pt\/wp-json\/wp\/v2\/comments?post=232630"}],"version-history":[{"count":0,"href":"https:\/\/www.europesays.com\/pt\/wp-json\/wp\/v2\/posts\/232630\/revisions"}],"wp:featuredmedia":[{"embeddable":true,"href":"https:\/\/www.europesays.com\/pt\/wp-json\/wp\/v2\/media\/232631"}],"wp:attachment":[{"href":"https:\/\/www.europesays.com\/pt\/wp-json\/wp\/v2\/media?parent=232630"}],"wp:term":[{"taxonomy":"category","embeddable":true,"href":"https:\/\/www.europesays.com\/pt\/wp-json\/wp\/v2\/categories?post=232630"},{"taxonomy":"post_tag","embeddable":true,"href":"https:\/\/www.europesays.com\/pt\/wp-json\/wp\/v2\/tags?post=232630"}],"curies":[{"name":"wp","href":"https:\/\/api.w.org\/{rel}","templated":true}]}}