{"id":232642,"date":"2026-01-17T10:51:16","date_gmt":"2026-01-17T10:51:16","guid":{"rendered":"https:\/\/www.europesays.com\/pt\/232642\/"},"modified":"2026-01-17T10:51:16","modified_gmt":"2026-01-17T10:51:16","slug":"asae-fiscaliza-oficinas-de-automoveis-com-atividade-ilegal-e-instaura-19-processos-de-contraordenacao","status":"publish","type":"post","link":"https:\/\/www.europesays.com\/pt\/232642\/","title":{"rendered":"ASAE fiscaliza oficinas de autom\u00f3veis com atividade ilegal e instaura 19 processos de contraordena\u00e7\u00e3o"},"content":{"rendered":"<p>        A Autoridade de Seguran\u00e7a Alimentar e Econ\u00f3mica (ASAE) anunciou que realizou, nas \u00faltimas semanas, uma opera\u00e7\u00e3o nacional de fiscaliza\u00e7\u00e3o pelas suas Unidades Regionais no combate \u00e0 economia paralela no setor de manuten\u00e7\u00e3o e repara\u00e7\u00e3o de autom\u00f3veis e ciclomotores, a que chamou Opera\u00e7\u00e3o Trav\u00e3o.    <\/p>\n<p>A Autoridade de Seguran\u00e7a Alimentar e Econ\u00f3mica (ASAE) anunciou que realizou, nas \u00faltimas semanas, uma opera\u00e7\u00e3o nacional de fiscaliza\u00e7\u00e3o pelas suas Unidades Regionais no combate \u00e0 economia paralela no setor de manuten\u00e7\u00e3o e repara\u00e7\u00e3o de autom\u00f3veis e ciclomotores, a que chamou Opera\u00e7\u00e3o Trav\u00e3o e que tem como objetivo apurar se estas atividades est\u00e3o a ser desenvolvidas sem o preenchimento das condi\u00e7\u00f5es de funcionamento ou de licenciamento exigidas por lei.<\/p>\n<p>\u201cComo balan\u00e7o da a\u00e7\u00e3o, foram fiscalizados 84 operadores econ\u00f3micos, tendo sido instaurados 19 processos de contraordena\u00e7\u00e3o, destacando-se como principais infra\u00e7\u00f5es a falta de mera comunica\u00e7\u00e3o pr\u00e9via e de envio \u00e0 entidade competente e no prazo de 15 dias do original da folha de reclama\u00e7\u00e3o, a falta do livro de reclama\u00e7\u00f5es e de inclus\u00e3o de impostos, taxas e encargos no pre\u00e7o afixado, a falta de pre\u00e7os em servi\u00e7os e de cumprimento das regras aplic\u00e1veis \u00e0 verifica\u00e7\u00e3o peri\u00f3dica, entre outras\u201d, revela.<\/p>\n","protected":false},"excerpt":{"rendered":"A Autoridade de Seguran\u00e7a Alimentar e Econ\u00f3mica (ASAE) anunciou que realizou, nas \u00faltimas semanas, uma opera\u00e7\u00e3o nacional de&hellip;\n","protected":false},"author":2,"featured_media":232643,"comment_status":"","ping_status":"","sticky":false,"template":"","format":"standard","meta":{"footnotes":""},"categories":[83],"tags":[15350,88,89,90,32,33],"class_list":{"0":"post-232642","1":"post","2":"type-post","3":"status-publish","4":"format-standard","5":"has-post-thumbnail","7":"category-empresas","8":"tag-asae","9":"tag-business","10":"tag-economy","11":"tag-empresas","12":"tag-portugal","13":"tag-pt"},"share_on_mastodon":{"url":"https:\/\/pubeurope.com\/@pt\/115910062148853815","error":""},"_links":{"self":[{"href":"https:\/\/www.europesays.com\/pt\/wp-json\/wp\/v2\/posts\/232642","targetHints":{"allow":["GET"]}}],"collection":[{"href":"https:\/\/www.europesays.com\/pt\/wp-json\/wp\/v2\/posts"}],"about":[{"href":"https:\/\/www.europesays.com\/pt\/wp-json\/wp\/v2\/types\/post"}],"author":[{"embeddable":true,"href":"https:\/\/www.europesays.com\/pt\/wp-json\/wp\/v2\/users\/2"}],"replies":[{"embeddable":true,"href":"https:\/\/www.europesays.com\/pt\/wp-json\/wp\/v2\/comments?post=232642"}],"version-history":[{"count":0,"href":"https:\/\/www.europesays.com\/pt\/wp-json\/wp\/v2\/posts\/232642\/revisions"}],"wp:featuredmedia":[{"embeddable":true,"href":"https:\/\/www.europesays.com\/pt\/wp-json\/wp\/v2\/media\/232643"}],"wp:attachment":[{"href":"https:\/\/www.europesays.com\/pt\/wp-json\/wp\/v2\/media?parent=232642"}],"wp:term":[{"taxonomy":"category","embeddable":true,"href":"https:\/\/www.europesays.com\/pt\/wp-json\/wp\/v2\/categories?post=232642"},{"taxonomy":"post_tag","embeddable":true,"href":"https:\/\/www.europesays.com\/pt\/wp-json\/wp\/v2\/tags?post=232642"}],"curies":[{"name":"wp","href":"https:\/\/api.w.org\/{rel}","templated":true}]}}