{"id":232648,"date":"2026-01-17T10:54:25","date_gmt":"2026-01-17T10:54:25","guid":{"rendered":"https:\/\/www.europesays.com\/pt\/232648\/"},"modified":"2026-01-17T10:54:25","modified_gmt":"2026-01-17T10:54:25","slug":"wsbk-miguel-oliveira-ja-tem-data-de-apresentacao-emportugal","status":"publish","type":"post","link":"https:\/\/www.europesays.com\/pt\/232648\/","title":{"rendered":"WSBK: Miguel Oliveira j\u00e1 tem data de apresenta\u00e7\u00e3o em\u2026Portugal"},"content":{"rendered":"<p>\t\t\t\t\t\t\t\t\t\t\t\t\t\t\t\t\t\t\t\t\t\t\t\t\ud83d\udd0a Ouvir artigo<\/p>\n<p>Miguel Oliveira prepara-se para dar in\u00edcio oficial a uma nova etapa da sua carreira com a apresenta\u00e7\u00e3o da ROKiT BMW Motorrad WorldSBK Team, marcada para o pr\u00f3ximo dia 27 de janeiro no Aut\u00f3dromo Internacional do Algarve. O evento assinala a estreia p\u00fablica do piloto portugu\u00eas como elemento da estrutura oficial da BMW no Campeonato do Mundo de Superbike, numa cerim\u00f3nia que dever\u00e1 reunir equipa, parceiros, comunica\u00e7\u00e3o social e convidados no circuito de Portim\u00e3o.<\/p>\n<p>A apresenta\u00e7\u00e3o servir\u00e1 tamb\u00e9m para revelar as cores da BMW M 1000 RR com que Miguel Oliveira ir\u00e1 competir no WSBK, bem como para dar a conhecer os objetivos da equipa para a temporada que se aproxima. Correr em casa torna o momento ainda mais especial para o piloto de Almada, que inicia assim um novo desafio num campeonato diferente, mas altamente competitivo, depois de v\u00e1rios anos no MotoGP.<\/p>\n<p>Relembramos que nos dias 28-29 de Janeiro ir\u00e1 decorrer os testes de pr\u00e9-temporada no AIA.<\/p>\n","protected":false},"excerpt":{"rendered":"\ud83d\udd0a Ouvir artigo Miguel Oliveira prepara-se para dar in\u00edcio oficial a uma nova etapa da sua carreira com&hellip;\n","protected":false},"author":2,"featured_media":232649,"comment_status":"","ping_status":"","sticky":false,"template":"","format":"standard","meta":{"footnotes":""},"categories":[8],"tags":[27,28,15,16,14,25,26,21,22,12,13,19,20,32,23,24,33,17,18,29,30,31],"class_list":{"0":"post-232648","1":"post","2":"type-post","3":"status-publish","4":"format-standard","5":"has-post-thumbnail","7":"category-principais-noticias","8":"tag-breaking-news","9":"tag-breakingnews","10":"tag-featured-news","11":"tag-featurednews","12":"tag-headlines","13":"tag-latest-news","14":"tag-latestnews","15":"tag-main-news","16":"tag-mainnews","17":"tag-news","18":"tag-noticias","19":"tag-noticias-principais","20":"tag-noticiasprincipais","21":"tag-portugal","22":"tag-principais-noticias","23":"tag-principaisnoticias","24":"tag-pt","25":"tag-top-stories","26":"tag-topstories","27":"tag-ultimas","28":"tag-ultimas-noticias","29":"tag-ultimasnoticias"},"share_on_mastodon":{"url":"https:\/\/pubeurope.com\/@pt\/115910073737577039","error":""},"_links":{"self":[{"href":"https:\/\/www.europesays.com\/pt\/wp-json\/wp\/v2\/posts\/232648","targetHints":{"allow":["GET"]}}],"collection":[{"href":"https:\/\/www.europesays.com\/pt\/wp-json\/wp\/v2\/posts"}],"about":[{"href":"https:\/\/www.europesays.com\/pt\/wp-json\/wp\/v2\/types\/post"}],"author":[{"embeddable":true,"href":"https:\/\/www.europesays.com\/pt\/wp-json\/wp\/v2\/users\/2"}],"replies":[{"embeddable":true,"href":"https:\/\/www.europesays.com\/pt\/wp-json\/wp\/v2\/comments?post=232648"}],"version-history":[{"count":0,"href":"https:\/\/www.europesays.com\/pt\/wp-json\/wp\/v2\/posts\/232648\/revisions"}],"wp:featuredmedia":[{"embeddable":true,"href":"https:\/\/www.europesays.com\/pt\/wp-json\/wp\/v2\/media\/232649"}],"wp:attachment":[{"href":"https:\/\/www.europesays.com\/pt\/wp-json\/wp\/v2\/media?parent=232648"}],"wp:term":[{"taxonomy":"category","embeddable":true,"href":"https:\/\/www.europesays.com\/pt\/wp-json\/wp\/v2\/categories?post=232648"},{"taxonomy":"post_tag","embeddable":true,"href":"https:\/\/www.europesays.com\/pt\/wp-json\/wp\/v2\/tags?post=232648"}],"curies":[{"name":"wp","href":"https:\/\/api.w.org\/{rel}","templated":true}]}}