{"id":232650,"date":"2026-01-17T10:55:08","date_gmt":"2026-01-17T10:55:08","guid":{"rendered":"https:\/\/www.europesays.com\/pt\/232650\/"},"modified":"2026-01-17T10:55:08","modified_gmt":"2026-01-17T10:55:08","slug":"colar-misterioso-de-gisele-bundchen-pode-dar-dica-do-nome-de-filho-cacula-da-modelo-terra","status":"publish","type":"post","link":"https:\/\/www.europesays.com\/pt\/232650\/","title":{"rendered":"Colar misterioso de Gisele B\u00fcndchen pode dar dica do nome de filho ca\u00e7ula da modelo &#8211; Terra"},"content":{"rendered":"<ol>\n<li><a href=\"https:\/\/news.google.com\/rss\/articles\/CBMi_gFBVV95cUxNRlRaMEVOZFRNeE1HRkVDNV9sc3BNdnJBeXFDb19jU0ZzRGdmOHVHRTdmRjVTMkJ0d0VONWxJMTE0VXJXbHBOVEg2MEF4OV9VSm80UDlicVVxOUdrYjVTZ0J2YkE2NEJHU3p0NkhMb1JjcUxhR3JJWTJxQWtwdkphZFRZTDlLdkVZdGZPSHVuQTg1MnZrOWxBRXVneVZnUlBwMWtvS0tKTUs2b1Nkb0tYbkkxREZZNVIwQnE5R0tCT2Rfb01GUEc4TWZSamR2T2trRWRFWkx5T0R2OGJ1ZzdBRW9fZEY4b2I2YkR6TEN1V0tWRkg0TTRkVGZ6a0JEZw?oc=5\" target=\"_blank\" rel=\"nofollow noopener\">Colar misterioso de Gisele B\u00fcndchen pode dar dica do nome de filho ca\u00e7ula da modelo<\/a>&nbsp;&nbsp;Terra<\/li>\n<li><a href=\"https:\/\/news.google.com\/rss\/articles\/CBMixwFBVV95cUxPUnlrRkZKeE5oMEQzR2xJVW1zUnlHb3l4NGRoUjN5dVZxeUpSTTBlZURlNVRXZkREX0dKMmlPMHhIbnAyNDNyYjhqLVVSY3Rjd1dSWXVndm4wdnZldEZpSlBBSnlkaUtfS3ZsV0hpZWVkNFh5QjdhZ1d0SU5vTkVmUDIta1dCNmluMmY2b2VoT1QzekRKNC1WZ1pWV3lqRW11TThkbTY5ZkhSZnROQ1dEeHZyM1IzajFpenZaYmJmaEZXbXJQTDZ30gHWAUFVX3lxTFByM3dObEpOSVVoR3hldkttLTBMR05uaHpRTmFEM3ltVVg1NnA0UEp3RnVQeFpERVh2LTQyNGJzQzhZV3RVU1N5RFRmdDN1TzlRd0FrM2FrTWlmazN6ai1TemtVT21ocmRZQkV2dE1jQkpic2lTODJ5X05reXY3RzJsX2lXenZ3NVA4SzVMQnNIRG5aM0pjcHNvSlE3SkRyS2xOVXpidk45Ykdkem1nSWJkVURaMldSenhpNzZkcXhwdm5nY2lJSGcwRHVFd3kwWEFmZlpDLUE?oc=5\" target=\"_blank\" rel=\"nofollow noopener\">Pingente d\u00e1 dica preciosa sobre nome do filho ca\u00e7ula de Gisele B\u00fcndchen<\/a>&nbsp;&nbsp;Globo<\/li>\n<li><a href=\"https:\/\/news.google.com\/rss\/articles\/CBMiswFBVV95cUxQSXlKbzhqZXNfYjdIUmNIX3ZVZEN0N3g1a05xU2c5blkwVEVKNXRmQ1RkTWxqVHpHYVZ4NHFiTUc1UUdBRWdORnlRZW4zVUdsZmJOQlRUUU9hTWd2aFI2YTNvNFlCeWJVWTY3NFcwMk1SYW9MeEROVWx5VVFOaUl5NHIwdnpNN25td05ZMVZxTTlGekd3UGdyUmlQZVFYNHRHNFNrMUZ1YVQ5MEhOdnhMMEdUWQ?oc=5\" target=\"_blank\" rel=\"nofollow noopener\">Gisele B\u00fcndchen abre \u00e1lbum de fotos da fam\u00edlia durante f\u00e9rias em praia de SC<\/a>&nbsp;&nbsp;NSC Total<\/li>\n<li><a href=\"https:\/\/news.google.com\/rss\/articles\/CBMicEFVX3lxTE00aVFWdHVvWlVqMUJUWW9iVHVYeVBoel9tVkJiTV9kSUVFQUk4SHd3eW5uMm9lQzJoeDZWcDVTREpfNDIwcXJldGluN1VrVm1JSnYyNGc2WFNheEZiVmVDWUl3OXBiWlU5V3BZQWQ4SXA?oc=5\" target=\"_blank\" rel=\"nofollow noopener\">Gisele exalta fam\u00edlia em postagem ap\u00f3s rumores sobre seu casamento<\/a>&nbsp;&nbsp;Metr\u00f3poles<\/li>\n<\/ol>\n","protected":false},"excerpt":{"rendered":"Colar misterioso de Gisele B\u00fcndchen pode dar dica do nome de filho ca\u00e7ula da modelo&nbsp;&nbsp;Terra Pingente d\u00e1 dica&hellip;\n","protected":false},"author":2,"featured_media":225042,"comment_status":"","ping_status":"","sticky":false,"template":"","format":"standard","meta":{"footnotes":""},"categories":[145],"tags":[211,210,114,115,32,33],"class_list":{"0":"post-232650","1":"post","2":"type-post","3":"status-publish","4":"format-standard","5":"has-post-thumbnail","7":"category-celebridades","8":"tag-celebridades","9":"tag-celebrities","10":"tag-entertainment","11":"tag-entretenimento","12":"tag-portugal","13":"tag-pt"},"share_on_mastodon":{"url":"https:\/\/pubeurope.com\/@pt\/115910077480534312","error":""},"_links":{"self":[{"href":"https:\/\/www.europesays.com\/pt\/wp-json\/wp\/v2\/posts\/232650","targetHints":{"allow":["GET"]}}],"collection":[{"href":"https:\/\/www.europesays.com\/pt\/wp-json\/wp\/v2\/posts"}],"about":[{"href":"https:\/\/www.europesays.com\/pt\/wp-json\/wp\/v2\/types\/post"}],"author":[{"embeddable":true,"href":"https:\/\/www.europesays.com\/pt\/wp-json\/wp\/v2\/users\/2"}],"replies":[{"embeddable":true,"href":"https:\/\/www.europesays.com\/pt\/wp-json\/wp\/v2\/comments?post=232650"}],"version-history":[{"count":0,"href":"https:\/\/www.europesays.com\/pt\/wp-json\/wp\/v2\/posts\/232650\/revisions"}],"wp:featuredmedia":[{"embeddable":true,"href":"https:\/\/www.europesays.com\/pt\/wp-json\/wp\/v2\/media\/225042"}],"wp:attachment":[{"href":"https:\/\/www.europesays.com\/pt\/wp-json\/wp\/v2\/media?parent=232650"}],"wp:term":[{"taxonomy":"category","embeddable":true,"href":"https:\/\/www.europesays.com\/pt\/wp-json\/wp\/v2\/categories?post=232650"},{"taxonomy":"post_tag","embeddable":true,"href":"https:\/\/www.europesays.com\/pt\/wp-json\/wp\/v2\/tags?post=232650"}],"curies":[{"name":"wp","href":"https:\/\/api.w.org\/{rel}","templated":true}]}}