{"id":232651,"date":"2026-01-17T10:58:07","date_gmt":"2026-01-17T10:58:07","guid":{"rendered":"https:\/\/www.europesays.com\/pt\/232651\/"},"modified":"2026-01-17T10:58:07","modified_gmt":"2026-01-17T10:58:07","slug":"vem-ai-em-terra-forte-armando-acaba-tudo-com-babi-e-o-caos-instala-se-novelas","status":"publish","type":"post","link":"https:\/\/www.europesays.com\/pt\/232651\/","title":{"rendered":"Vem a\u00ed em \u00abTerra Forte\u00bb: Armando acaba tudo com Babi e o caos instala-se &#8211; Novelas"},"content":{"rendered":"<p>Em \u00abTerra Forte\u00bb, <a href=\"https:\/\/tvi.iol.pt\/novelas\/videos\/terra-forte-empresa-de-marcus-provoca-problemas-de-saude-a-centenas-de-pessoas\/690a568c0cf229bd2f8d374a\" rel=\"nofollow noopener\" target=\"_blank\">Armando (Ricardo Carri\u00e7o)<\/a>\u00a0entrega um cheque de avultada quantia a <a href=\"https:\/\/tvi.iol.pt\/novelas\/videos\/terra-forte-babi-envolve-se-com-o-maior-inimigo-do-pai\/6913709f0cf2559133760eec\" rel=\"nofollow noopener\" target=\"_blank\">Babi (Melissa Matos)<\/a>, que sorri radiante, dizendo que depois daquilo a rela\u00e7\u00e3o deles vai ficar ainda mais forte. Estaca surpresa por Armando dizer que aquilo significa sim o fim daquele envolvimento.<\/p>\n<p>Armando diz a Babi que ela n\u00e3o errou em nada com ele, somente tendo percebido n\u00e3o fazer sentido andar com uma rapariga t\u00e3o jovem como ela, que tem uma vida inteira para encontrar algu\u00e9m que goste de verdade. Babi recrimina Armando por a estar a deixar numa altura t\u00e3o dif\u00edcil para si, saindo magoada. Armando esbo\u00e7a ar aliviado.<\/p>\n<p>Recorde-se que a rela\u00e7\u00e3o deles j\u00e1 n\u00e3o era segredo:<\/p>\n","protected":false},"excerpt":{"rendered":"Em \u00abTerra Forte\u00bb, Armando (Ricardo Carri\u00e7o)\u00a0entrega um cheque de avultada quantia a Babi (Melissa Matos), que sorri radiante,&hellip;\n","protected":false},"author":2,"featured_media":232652,"comment_status":"","ping_status":"","sticky":false,"template":"","format":"standard","meta":{"footnotes":""},"categories":[142],"tags":[160,32103,32102,166,114,115,157,167,164,32101,161,158,165,159,32,33,156,18615,18614,163,151,162],"class_list":{"0":"post-232651","1":"post","2":"type-post","3":"status-publish","4":"format-standard","5":"has-post-thumbnail","7":"category-tv","8":"tag-ana-guiomar","9":"tag-armando","10":"tag-babi","11":"tag-cristina-ferreira","12":"tag-entertainment","13":"tag-entretenimento","14":"tag-festa-e-festa","15":"tag-ficcao","16":"tag-jose-fidalgo","17":"tag-melissa-matos","18":"tag-novelas","19":"tag-para-sempre","20":"tag-pedro-sousa","21":"tag-pedro-teixeira","22":"tag-portugal","23":"tag-pt","24":"tag-queridos-papas","25":"tag-ricardo-carrico","26":"tag-terra-forte","27":"tag-tiago-teotonio-pereira","28":"tag-tv","29":"tag-tvi"},"share_on_mastodon":{"url":"https:\/\/pubeurope.com\/@pt\/115910089271795885","error":""},"_links":{"self":[{"href":"https:\/\/www.europesays.com\/pt\/wp-json\/wp\/v2\/posts\/232651","targetHints":{"allow":["GET"]}}],"collection":[{"href":"https:\/\/www.europesays.com\/pt\/wp-json\/wp\/v2\/posts"}],"about":[{"href":"https:\/\/www.europesays.com\/pt\/wp-json\/wp\/v2\/types\/post"}],"author":[{"embeddable":true,"href":"https:\/\/www.europesays.com\/pt\/wp-json\/wp\/v2\/users\/2"}],"replies":[{"embeddable":true,"href":"https:\/\/www.europesays.com\/pt\/wp-json\/wp\/v2\/comments?post=232651"}],"version-history":[{"count":0,"href":"https:\/\/www.europesays.com\/pt\/wp-json\/wp\/v2\/posts\/232651\/revisions"}],"wp:featuredmedia":[{"embeddable":true,"href":"https:\/\/www.europesays.com\/pt\/wp-json\/wp\/v2\/media\/232652"}],"wp:attachment":[{"href":"https:\/\/www.europesays.com\/pt\/wp-json\/wp\/v2\/media?parent=232651"}],"wp:term":[{"taxonomy":"category","embeddable":true,"href":"https:\/\/www.europesays.com\/pt\/wp-json\/wp\/v2\/categories?post=232651"},{"taxonomy":"post_tag","embeddable":true,"href":"https:\/\/www.europesays.com\/pt\/wp-json\/wp\/v2\/tags?post=232651"}],"curies":[{"name":"wp","href":"https:\/\/api.w.org\/{rel}","templated":true}]}}