{"id":232655,"date":"2026-01-17T11:02:13","date_gmt":"2026-01-17T11:02:13","guid":{"rendered":"https:\/\/www.europesays.com\/pt\/232655\/"},"modified":"2026-01-17T11:02:13","modified_gmt":"2026-01-17T11:02:13","slug":"chaveslandia-recebeu-nova-etapa-do-techdengue-com-uso-de-drones-no-combate-as-arboviroses","status":"publish","type":"post","link":"https:\/\/www.europesays.com\/pt\/232655\/","title":{"rendered":"Chavesl\u00e2ndia recebeu nova etapa do TechDengue com uso de drones no combate \u00e0s arboviroses"},"content":{"rendered":"<p><img loading=\"lazy\" decoding=\"async\" width=\"959\" height=\"468\" src=\"https:\/\/www.europesays.com\/pt\/wp-content\/uploads\/2026\/01\/0-ANDARELA-1-1.jpeg\" alt=\"\" class=\"wp-image-121103\"  \/><\/p>\n<p>No dia 13 de janeiro, o distrito de Chavesl\u00e2ndia recebeu mais uma etapa do segundo ciclo do TechDengue, iniciativa do Munic\u00edpio de Santa Vit\u00f3ria em parceria com a AMVAP Sa\u00fade. <\/p>\n<p>A a\u00e7\u00e3o foi conduzida pela Secretaria Municipal de Sa\u00fade, com tramita\u00e7\u00e3o e articula\u00e7\u00e3o t\u00e9cnica da Vigil\u00e2ncia em Sa\u00fade e do Centro de Controle de Endemias, e incorporou o uso de drones como ferramenta estrat\u00e9gica no combate \u00e0s arboviroses.<\/p>\n<p>A tecnologia permitiu o mapeamento a\u00e9reo de \u00e1reas de risco e a gera\u00e7\u00e3o de informa\u00e7\u00f5es t\u00e9cnicas que ampliaram a capacidade de an\u00e1lise e tomada de decis\u00e3o nas \u00e1reas da sa\u00fade e do meio ambiente. <\/p>\n<p class=\"has-text-align-center\">\u2014\u2013CONTINUA AP\u00d3S A PUBLICIDADE\u2014\u2013<\/p>\n<p><img loading=\"lazy\" decoding=\"async\" width=\"1024\" height=\"492\" src=\"https:\/\/www.europesays.com\/pt\/wp-content\/uploads\/2026\/01\/CAFE-CORE-1-1024x492.jpg\" alt=\"\" class=\"wp-image-121407\"  \/><\/p>\n<p>A a\u00e7\u00e3o foi realizada por meio do Cons\u00f3rcio AMVAP, fortalecendo a atua\u00e7\u00e3o integrada entre os munic\u00edpios participantes.<\/p>\n<p>O uso dos drones fortaleceu o trabalho dos agentes de endemias e do Centro de Controle de Endemias, oferecendo uma ferramenta moderna que ampliou a capacidade de identifica\u00e7\u00e3o e monitoramento de poss\u00edveis focos do mosquito. <\/p>\n<p>Com o apoio das imagens a\u00e9reas e dos dados gerados, as equipes puderam planejar suas a\u00e7\u00f5es de forma mais estrat\u00e9gica, otimizando visitas de campo, direcionando interven\u00e7\u00f5es e tornando o combate \u00e0s arboviroses mais eficiente e assertivo em todo o territ\u00f3rio.<\/p>\n<p><img loading=\"lazy\" decoding=\"async\" width=\"576\" height=\"1024\" src=\"https:\/\/www.europesays.com\/pt\/wp-content\/uploads\/2026\/01\/1002697935-576x1024.jpg\" alt=\"\" class=\"wp-image-121439\"  \/><\/p>\n<p><img loading=\"lazy\" decoding=\"async\" width=\"576\" height=\"1024\" src=\"https:\/\/www.europesays.com\/pt\/wp-content\/uploads\/2026\/01\/1002697936-576x1024.jpg\" alt=\"\" class=\"wp-image-121440\"  \/><\/p>\n<p>\t\tContinue Reading<\/p>\n","protected":false},"excerpt":{"rendered":"No dia 13 de janeiro, o distrito de Chavesl\u00e2ndia recebeu mais uma etapa do segundo ciclo do TechDengue,&hellip;\n","protected":false},"author":2,"featured_media":232656,"comment_status":"","ping_status":"","sticky":false,"template":"","format":"standard","meta":{"footnotes":""},"categories":[86],"tags":[116,32,33,117],"class_list":{"0":"post-232655","1":"post","2":"type-post","3":"status-publish","4":"format-standard","5":"has-post-thumbnail","7":"category-saude","8":"tag-health","9":"tag-portugal","10":"tag-pt","11":"tag-saude"},"share_on_mastodon":{"url":"https:\/\/pubeurope.com\/@pt\/115910105058085752","error":""},"_links":{"self":[{"href":"https:\/\/www.europesays.com\/pt\/wp-json\/wp\/v2\/posts\/232655","targetHints":{"allow":["GET"]}}],"collection":[{"href":"https:\/\/www.europesays.com\/pt\/wp-json\/wp\/v2\/posts"}],"about":[{"href":"https:\/\/www.europesays.com\/pt\/wp-json\/wp\/v2\/types\/post"}],"author":[{"embeddable":true,"href":"https:\/\/www.europesays.com\/pt\/wp-json\/wp\/v2\/users\/2"}],"replies":[{"embeddable":true,"href":"https:\/\/www.europesays.com\/pt\/wp-json\/wp\/v2\/comments?post=232655"}],"version-history":[{"count":0,"href":"https:\/\/www.europesays.com\/pt\/wp-json\/wp\/v2\/posts\/232655\/revisions"}],"wp:featuredmedia":[{"embeddable":true,"href":"https:\/\/www.europesays.com\/pt\/wp-json\/wp\/v2\/media\/232656"}],"wp:attachment":[{"href":"https:\/\/www.europesays.com\/pt\/wp-json\/wp\/v2\/media?parent=232655"}],"wp:term":[{"taxonomy":"category","embeddable":true,"href":"https:\/\/www.europesays.com\/pt\/wp-json\/wp\/v2\/categories?post=232655"},{"taxonomy":"post_tag","embeddable":true,"href":"https:\/\/www.europesays.com\/pt\/wp-json\/wp\/v2\/tags?post=232655"}],"curies":[{"name":"wp","href":"https:\/\/api.w.org\/{rel}","templated":true}]}}