{"id":232657,"date":"2026-01-17T11:05:48","date_gmt":"2026-01-17T11:05:48","guid":{"rendered":"https:\/\/www.europesays.com\/pt\/232657\/"},"modified":"2026-01-17T11:05:48","modified_gmt":"2026-01-17T11:05:48","slug":"empresas-ja-enfrentam-perdas-de-milhoes-e-tem-desviado-cargas-para-portos-espanhois-agefe-pede-suspensao-do-sintem","status":"publish","type":"post","link":"https:\/\/www.europesays.com\/pt\/232657\/","title":{"rendered":"&#8220;Empresas j\u00e1 enfrentam perdas de milh\u00f5es e t\u00eam desviado cargas para portos espanh\u00f3is&#8221;. AGEFE pede suspens\u00e3o do SINTEM"},"content":{"rendered":"<p>        AGEFE apela ao Governo que suspenda o SINTEM (Sistema Integrado de Tratamento Eletr\u00f3nico das Mercadorias), alertando para preju\u00edzos de milh\u00f5es de euros e o bloqueio da atividade aduaneira em Portugal.    <\/p>\n<p>A AGEFE pede suspens\u00e3o urgente de novo sistema aduaneiro e alerta para preju\u00edzos de v\u00e1rios milh\u00f5es de euros para as empresas.<\/p>\n<p>Em comunicado a AGEFE, a Associa\u00e7\u00e3o Portuguesa da Ind\u00fastria Eletrodigital, representativa das empresas dos Sectores El\u00e9trico, Eletrodom\u00e9stico, Eletr\u00f3nico e das TIC, alerta para bloqueios de mercadorias, atrasos e custos adicionais decorrentes da entrada em funcionamento do SINTEM (Sistema Integrado de Tratamento Eletr\u00f3nico das Mercadorias), afetando gravemente a atividade aduaneira e portu\u00e1ria. <\/p>\n<p>\u201cEmpresas j\u00e1 enfrentam perdas de milh\u00f5es de euros e t\u00eam desviado cargas para portos espanh\u00f3is\u201d, diz a associa\u00e7\u00e3o.<\/p>\n<p>A associa\u00e7\u00e3o pede a suspens\u00e3o imediata do sistema e a cria\u00e7\u00e3o de um per\u00edodo transit\u00f3rio que permita normalizar opera\u00e7\u00f5es e proteger a competitividade empresarial. <\/p>\n<p>A associa\u00e7\u00e3o diz que j\u00e1 solicitou a suspens\u00e3o ao Governo, mas n\u00e3o obteve ainda qualquer resposta, enquanto os impactos negativos continuam a agravar-se.<\/p>\n<p>Os pontos principais apontados pela AGEFE s\u00e3o \u201cfalhas graves\u201d. Segundo a associa\u00e7\u00e3o a implementa\u00e7\u00e3o do sistema sem per\u00edodo de transi\u00e7\u00e3o causou atrasos cr\u00edticos, erros na gest\u00e3o de garantias e at\u00e9 pagamentos de impostos em duplicado.<\/p>\n<p>Depois h\u00e1 o impacto log\u00edstico. A falta de integra\u00e7\u00e3o de dados e a lentid\u00e3o nos portos for\u00e7aram empresas a desviar mercadorias para Espanha para evitar o bloqueio de contentores.<\/p>\n<p>A AGEFE fala ainda em preju\u00edzos econ\u00f3micos, pois al\u00e9m de custos diretos e multas contratuais, as empresas perderam o controlo operacional do IVA aduaneiro e das contas-correntes fiscais.<\/p>\n<p>Ap\u00f3s uma semana sem resposta do Minist\u00e9rio das Finan\u00e7as, a associa\u00e7\u00e3o pede a reativa\u00e7\u00e3o do sistema anterior (STADA) e um per\u00edodo de conviv\u00eancia entre ambos para normalizar o abastecimento nacional.<\/p>\n","protected":false},"excerpt":{"rendered":"AGEFE apela ao Governo que suspenda o SINTEM (Sistema Integrado de Tratamento Eletr\u00f3nico das Mercadorias), alertando para preju\u00edzos&hellip;\n","protected":false},"author":2,"featured_media":232658,"comment_status":"","ping_status":"","sticky":false,"template":"","format":"standard","meta":{"footnotes":""},"categories":[83],"tags":[44455,88,89,90,32,33],"class_list":{"0":"post-232657","1":"post","2":"type-post","3":"status-publish","4":"format-standard","5":"has-post-thumbnail","7":"category-empresas","8":"tag-adefe","9":"tag-business","10":"tag-economy","11":"tag-empresas","12":"tag-portugal","13":"tag-pt"},"share_on_mastodon":{"url":"https:\/\/pubeurope.com\/@pt\/115910120799353794","error":""},"_links":{"self":[{"href":"https:\/\/www.europesays.com\/pt\/wp-json\/wp\/v2\/posts\/232657","targetHints":{"allow":["GET"]}}],"collection":[{"href":"https:\/\/www.europesays.com\/pt\/wp-json\/wp\/v2\/posts"}],"about":[{"href":"https:\/\/www.europesays.com\/pt\/wp-json\/wp\/v2\/types\/post"}],"author":[{"embeddable":true,"href":"https:\/\/www.europesays.com\/pt\/wp-json\/wp\/v2\/users\/2"}],"replies":[{"embeddable":true,"href":"https:\/\/www.europesays.com\/pt\/wp-json\/wp\/v2\/comments?post=232657"}],"version-history":[{"count":0,"href":"https:\/\/www.europesays.com\/pt\/wp-json\/wp\/v2\/posts\/232657\/revisions"}],"wp:featuredmedia":[{"embeddable":true,"href":"https:\/\/www.europesays.com\/pt\/wp-json\/wp\/v2\/media\/232658"}],"wp:attachment":[{"href":"https:\/\/www.europesays.com\/pt\/wp-json\/wp\/v2\/media?parent=232657"}],"wp:term":[{"taxonomy":"category","embeddable":true,"href":"https:\/\/www.europesays.com\/pt\/wp-json\/wp\/v2\/categories?post=232657"},{"taxonomy":"post_tag","embeddable":true,"href":"https:\/\/www.europesays.com\/pt\/wp-json\/wp\/v2\/tags?post=232657"}],"curies":[{"name":"wp","href":"https:\/\/api.w.org\/{rel}","templated":true}]}}