{"id":232659,"date":"2026-01-17T11:06:07","date_gmt":"2026-01-17T11:06:07","guid":{"rendered":"https:\/\/www.europesays.com\/pt\/232659\/"},"modified":"2026-01-17T11:06:07","modified_gmt":"2026-01-17T11:06:07","slug":"casa-branca-ataca-jornalista-que-questionou-morte-de-renee-observador","status":"publish","type":"post","link":"https:\/\/www.europesays.com\/pt\/232659\/","title":{"rendered":"Casa Branca ataca jornalista que questionou morte de Ren\u00e9e &#8211; Observador"},"content":{"rendered":"<ol>\n<li><a href=\"https:\/\/news.google.com\/rss\/articles\/CBMi-AFBVV95cUxNQmNCNkZ5cm8yeFFjakotbUpna3NLT3VfaXI1V2w1R2Q0VVZqWGRIRjdRbjJSMFIwRVF6TkFsaDhNTW1kbDNvSGxTYXJMTzVwOWd4SnhUNHhILUtJYlZWN0hBMjZ3VjBhQW5MM0RPN3JJb0FFTjJpMldDcHpwN19jZFV2Q1pPcTNURmphVWVNRjBnUzY4WTVOODJFRzgzQ3lXZHE3bkJ4OW5fMEwtQm9YV3B3QTc0YTg5NVZLOGVNVFdBUUsxb2h0U3BFcU4tQUdfUkZKeHBDSHQ3TW9qdURCUzRaY3RnVllPX19Cc040dXRyM0RNbWdDWA?oc=5\" target=\"_blank\" rel=\"nofollow noopener\">Casa Branca ataca jornalista que questionou morte de Ren\u00e9e<\/a>&nbsp;&nbsp;Observador<\/li>\n<li><a href=\"https:\/\/news.google.com\/rss\/articles\/CBMiowFBVV95cUxORHd4aWtPSUZIZXRqTnIxck4zajJ5OWpPMk0wR25TeTlNTWdZYW5BbUVFUzk2d0xsOTVnclZoRFN2R0ExZjNSeVlJZm9jU0JBYlBtOXpENjVlS2g1YWdqay1BSGJ3QW5IOFFzUEZpcUNVemxCaktlTEdsOWJ3WGJBTU1kbll0VHhKME1zYlQxM1RmMjhSUENNdkgzSTZZSnBmaDRJ?oc=5\" target=\"_blank\" rel=\"nofollow noopener\">Porta-voz de Trump se irrita e diz que jornalista finge ser rep\u00f3rter Veja v\u00eddeo<\/a>&nbsp;&nbsp;Metr\u00f3poles<\/li>\n<li><a href=\"https:\/\/news.google.com\/rss\/articles\/CBMitAFBVV95cUxNdGdOSjZXYk11RjJFYzBxcVhaRGI0bUNKMkQtVWw5MFJmUndTdURqV2VxRDRyTUtxbEpyaXhTMEFSTzZ3V0pTMHRLSGpqanh1RnhuaUNrWTk5WnppR1FsbkVnOGN0bllyRC14dEFwT3RlOFRycmxValNGZHNyWFNMLWFmQ1pOVVNRQXpOYnA2aDhIeWN6aDRGdHBGd0RGa1d5bFNBY3lpTjNGVzdpUUltVnl2c3o?oc=5\" target=\"_blank\" rel=\"nofollow noopener\">&#8220;Vergonha&#8221;. Leavitt abandona confer\u00eancia ap\u00f3s quest\u00e3o sobre Renee Good<\/a>&nbsp;&nbsp;Not\u00edcias ao Minuto<\/li>\n<li><a href=\"https:\/\/news.google.com\/rss\/articles\/CBMiyAFBVV95cUxNMHV3R2VYeUlfVERvaDlsV3Y1bllPMENmR3A1VmNUM09mMzc0MVR0RkdzWEdPeGM3cnpTaG9LQmRtMEthQUNqRkRvWkJabXYzRFg5NXVINHliS3JoYkdzdjh5cEppLU9MM0g5NHRPNUI3NFFuWmt0ZTl5VzI3NU9SN2Vsak1zVm84dnU0R1F0V2d6TDhIcmlfWnlVNmtJY1JOOVZ0MF9haDJNTlZVejFnS2hBVDdxUXR2SHZVVEJPVGlSRUNjWUh1Zg?oc=5\" target=\"_blank\" rel=\"nofollow noopener\">Colapso da princesa da campanha de Trump por causa da quest\u00e3o do tiroteio no ICE<\/a>&nbsp;&nbsp;Regional Paulista<\/li>\n<li><a href=\"https:\/\/news.google.com\/rss\/articles\/CBMijgJBVV95cUxOT1F2czIyN3dSeGpVN0VDVkZJaTdJaWlidnVXS0VnV3UyT0g5ZFJnd1JjUGtBZkZUOFc3NkZBcVFoQWlMQjVZZ1hsVWlac245anJzX1daeVpXLWlwRUhSeURZNnNzODNWVW9RampDQm5qM3hTSjBNeGE1RkRDWEo3SjJtWGNsVnRubHlCc2hZemlsaUExUlN3bFdTVVR6Ti1DUWxtOEk3WkZOZU0wNmw5OHpSeF9pcjl3dzJza1dhOXJHOVNEWm9YTk8yc0lla2VDRHEwN0Q4Z3NOMW16N0R3aGNIRWRuZTN0S1p5bTZYTVVhbW1lX0lXWFJDWHBRVEI2Q21xNkZweVg0bFg4NFE?oc=5\" target=\"_blank\" rel=\"nofollow noopener\">\u2018Paredes do governo incentivam a viol\u00eancia contra agentes do ICE\u2019: Leavitt\u2019s Torches Dems, Media on Minneapolis Chaos \u2013 The Economic Times Video<\/a>&nbsp;&nbsp;kalangoatomico.com.br<\/li>\n<\/ol>\n","protected":false},"excerpt":{"rendered":"Casa Branca ataca jornalista que questionou morte de Ren\u00e9e&nbsp;&nbsp;Observador Porta-voz de Trump se irrita e diz que jornalista&hellip;\n","protected":false},"author":2,"featured_media":225042,"comment_status":"","ping_status":"","sticky":false,"template":"","format":"standard","meta":{"footnotes":""},"categories":[50],"tags":[27,28,15,16,14,25,26,21,22,62,12,13,19,20,23,24,17,18,29,30,31,63,64,65],"class_list":{"0":"post-232659","1":"post","2":"type-post","3":"status-publish","4":"format-standard","5":"has-post-thumbnail","7":"category-mundo","8":"tag-breaking-news","9":"tag-breakingnews","10":"tag-featured-news","11":"tag-featurednews","12":"tag-headlines","13":"tag-latest-news","14":"tag-latestnews","15":"tag-main-news","16":"tag-mainnews","17":"tag-mundo","18":"tag-news","19":"tag-noticias","20":"tag-noticias-principais","21":"tag-noticiasprincipais","22":"tag-principais-noticias","23":"tag-principaisnoticias","24":"tag-top-stories","25":"tag-topstories","26":"tag-ultimas","27":"tag-ultimas-noticias","28":"tag-ultimasnoticias","29":"tag-world","30":"tag-world-news","31":"tag-worldnews"},"share_on_mastodon":{"url":"https:\/\/pubeurope.com\/@pt\/115910120871010764","error":""},"_links":{"self":[{"href":"https:\/\/www.europesays.com\/pt\/wp-json\/wp\/v2\/posts\/232659","targetHints":{"allow":["GET"]}}],"collection":[{"href":"https:\/\/www.europesays.com\/pt\/wp-json\/wp\/v2\/posts"}],"about":[{"href":"https:\/\/www.europesays.com\/pt\/wp-json\/wp\/v2\/types\/post"}],"author":[{"embeddable":true,"href":"https:\/\/www.europesays.com\/pt\/wp-json\/wp\/v2\/users\/2"}],"replies":[{"embeddable":true,"href":"https:\/\/www.europesays.com\/pt\/wp-json\/wp\/v2\/comments?post=232659"}],"version-history":[{"count":0,"href":"https:\/\/www.europesays.com\/pt\/wp-json\/wp\/v2\/posts\/232659\/revisions"}],"wp:featuredmedia":[{"embeddable":true,"href":"https:\/\/www.europesays.com\/pt\/wp-json\/wp\/v2\/media\/225042"}],"wp:attachment":[{"href":"https:\/\/www.europesays.com\/pt\/wp-json\/wp\/v2\/media?parent=232659"}],"wp:term":[{"taxonomy":"category","embeddable":true,"href":"https:\/\/www.europesays.com\/pt\/wp-json\/wp\/v2\/categories?post=232659"},{"taxonomy":"post_tag","embeddable":true,"href":"https:\/\/www.europesays.com\/pt\/wp-json\/wp\/v2\/tags?post=232659"}],"curies":[{"name":"wp","href":"https:\/\/api.w.org\/{rel}","templated":true}]}}