{"id":232662,"date":"2026-01-17T11:09:08","date_gmt":"2026-01-17T11:09:08","guid":{"rendered":"https:\/\/www.europesays.com\/pt\/232662\/"},"modified":"2026-01-17T11:09:08","modified_gmt":"2026-01-17T11:09:08","slug":"quando-era-pequenina-tinha-uma-admiracao-gigante-pelo-meu-pai","status":"publish","type":"post","link":"https:\/\/www.europesays.com\/pt\/232662\/","title":{"rendered":"Quando era pequenina: &#8220;Tinha uma admira\u00e7\u00e3o gigante pelo meu pai&#8221;"},"content":{"rendered":"<p>Assim que viu a fotografia pensou em Vera Kolodzig? Se foi o caso, saiba que o seu palpite estava certo. A atriz come\u00e7ou a dar os primeiros passos no mundo da representa\u00e7\u00e3o nos anos 90, mas foi em &#8220;Jardins Proibidos&#8221;, logo a abrir os anos 2000, que ganhou destaque ao receber o papel de protagonista.\u00a0<\/p>\n<p>Desde ent\u00e3o, Vera Kolodzig nunca mais parou e tem sido um rosto muito presente na fic\u00e7\u00e3o nacional. A atriz j\u00e1 fez parte de v\u00e1rios projetos televisivos, entre eles &#8220;Filha do Mar&#8221;, &#8220;Dei-te Quase Tudo&#8221;, &#8220;Fasc\u00ednios&#8221;, &#8220;Deixa Que Te Leve&#8221;, &#8220;Esp\u00edrito Indom\u00e1vel&#8221;, &#8220;Doida por Ti&#8221;, &#8220;Onde Est\u00e1 Elisa?&#8221;, &#8220;Valor da Vida&#8221;, &#8220;Prisioneira&#8221; e, mais recentemente, integrou o elenco da novela &#8220;Vit\u00f3ria&#8221;.\u00a0<\/p>\n<p>Tamb\u00e9m apresentou o programa &#8220;Miss\u00e3o: 100% Portugu\u00eas&#8221;, da RTP, ao lado de Jo\u00e3o Paulo Rodrigues.\u00a0<\/p>\n<p>Aos 40 anos, Vera Kolodzig \u00e9 m\u00e3e de um menino, Mateus, de 11 anos, fruto da rela\u00e7\u00e3o terminada com o tamb\u00e9m ator Diogo Amaral.\u00a0<\/p>\n<p>Em conversa com o Fama ao Minuto no passado m\u00eas de dezembro, de recordar, a atriz contou como \u00e9 que passa a \u00e9poca natal\u00edcia, explicando que adapta os pratos t\u00edpicos desta altura do ano \u00e0 sua alimenta\u00e7\u00e3o, uma vez que n\u00e3o come carne.\u00a0<\/p>\n<p>&#8220;Fa\u00e7o umas vers\u00f5es. Em vez de fazer um bacalhau com broa fa\u00e7o um tofu com broa. E fica maravilhoso, fica muito bom&#8221;, destacou, contando, por\u00e9m, que &#8220;voltou a comer peixe&#8221;. &#8220;Tamb\u00e9m j\u00e1 posso comer o bacalhau, mas gosto muito de fazer tofu com broa.&#8221;<\/p>\n<p>Sobre a Passagem de Ano, como tem um filho fruto de uma rela\u00e7\u00e3o terminada, a atriz divide a guarda da crian\u00e7a com o ex-companheiro. Por isso, uma vez que passou o final do ano de 2024 com Mateus, no ano passado o menino esteve com Diogo Amaral.\u00a0<\/p>\n<p>&#8220;Como tenho guarda partilhada, no ano passado passei com o meu filho e este ano n\u00e3o vou passar com o meu filho. Acho que me vou divertir muito com amigos, \u00e9 o meu plano&#8221;, explicou. Recorde <a href=\"https:\/\/www.noticiasaominuto.com\/fama\/2906185\/pratos-no-natal-em-vez-de-bacalhau-com-broa-faco-tofu-com-broa\" target=\"_blank\" rel=\"noopener nofollow\">aqui<\/a>.\u00a0<\/p>\n<p>Vera Kolodzig \u00e9 hoje a convidada da rubrica semanal &#8220;Quando Era Pequenino&#8221;, do Fama ao Minuto, onde partilha algumas recorda\u00e7\u00f5es da inf\u00e2ncia.<\/p>\n<p>O prato favorito na inf\u00e2ncia (e quem o preparava) e a comida que n\u00e3o gostava e que agora gosta?<\/p>\n<p>Frango de churrasco com batatas fritas, que eu mesma ia comprar. J\u00e1 n\u00e3o como carne, mas na altura gostava. E n\u00e3o gostava nada de cogumelos e agora adoro.\u00a0<\/p>\n<p>Quem era a pessoa que mais admirava?<\/p>\n<p>Tinha uma admira\u00e7\u00e3o gigante pelo meu pai, e ele era muito bom na cozinha.\u00a0<\/p>\n<p>Quais as melhores f\u00e9rias quando era pequenina?<\/p>\n<p>Na Ilha da Armona.\u00a0<\/p>\n<p>A que dia voltava na inf\u00e2ncia? E porqu\u00ea?<\/p>\n<p>Talvez ao dia em que me ligaram a dizer que fui escolhida para a novela &#8220;Jardins Proibidos&#8221;. Tinha 14 anos, portanto, era uma crian\u00e7a.\u00a0<\/p>\n<p>Complete a frase: Se voltasse \u00e0 minha inf\u00e2ncia, nunca\u2026 contrariava a minha m\u00e3e. Agora que sou m\u00e3e [j\u00e1 percebo].\u00a0<\/p>\n<p> <img loading=\"lazy\" decoding=\"async\" src=\"https:\/\/www.europesays.com\/pt\/wp-content\/uploads\/2026\/01\/naom_695e3d8823868.jpg\" border=\"0\" alt=\"Not\u00edcias ao Minuto\" width=\"499\" height=\"499\"\/> Vera Kolodzig\u00a9 Instagram_verakolodzig \u00a0<\/p>\n<p>Leia Tamb\u00e9m: <a href=\"https:\/\/www.noticiasaominuto.com\/fama\/2912060\/quando-era-pequenino-admirava-a-mae-era-a-mulher-e-o-homem-da-casa\" target=\"_blank\" rel=\"noopener noreferrer nofollow\">Quando era pequenino: &#8220;Admirava a m\u00e3e. Era a mulher e o homem da casa&#8221;<\/a><\/p>\n","protected":false},"excerpt":{"rendered":"Assim que viu a fotografia pensou em Vera Kolodzig? Se foi o caso, saiba que o seu palpite&hellip;\n","protected":false},"author":2,"featured_media":232663,"comment_status":"","ping_status":"","sticky":false,"template":"","format":"standard","meta":{"footnotes":""},"categories":[145],"tags":[211,210,114,115,32,33],"class_list":{"0":"post-232662","1":"post","2":"type-post","3":"status-publish","4":"format-standard","5":"has-post-thumbnail","7":"category-celebridades","8":"tag-celebridades","9":"tag-celebrities","10":"tag-entertainment","11":"tag-entretenimento","12":"tag-portugal","13":"tag-pt"},"share_on_mastodon":{"url":"https:\/\/pubeurope.com\/@pt\/115910132545261534","error":""},"_links":{"self":[{"href":"https:\/\/www.europesays.com\/pt\/wp-json\/wp\/v2\/posts\/232662","targetHints":{"allow":["GET"]}}],"collection":[{"href":"https:\/\/www.europesays.com\/pt\/wp-json\/wp\/v2\/posts"}],"about":[{"href":"https:\/\/www.europesays.com\/pt\/wp-json\/wp\/v2\/types\/post"}],"author":[{"embeddable":true,"href":"https:\/\/www.europesays.com\/pt\/wp-json\/wp\/v2\/users\/2"}],"replies":[{"embeddable":true,"href":"https:\/\/www.europesays.com\/pt\/wp-json\/wp\/v2\/comments?post=232662"}],"version-history":[{"count":0,"href":"https:\/\/www.europesays.com\/pt\/wp-json\/wp\/v2\/posts\/232662\/revisions"}],"wp:featuredmedia":[{"embeddable":true,"href":"https:\/\/www.europesays.com\/pt\/wp-json\/wp\/v2\/media\/232663"}],"wp:attachment":[{"href":"https:\/\/www.europesays.com\/pt\/wp-json\/wp\/v2\/media?parent=232662"}],"wp:term":[{"taxonomy":"category","embeddable":true,"href":"https:\/\/www.europesays.com\/pt\/wp-json\/wp\/v2\/categories?post=232662"},{"taxonomy":"post_tag","embeddable":true,"href":"https:\/\/www.europesays.com\/pt\/wp-json\/wp\/v2\/tags?post=232662"}],"curies":[{"name":"wp","href":"https:\/\/api.w.org\/{rel}","templated":true}]}}