{"id":232666,"date":"2026-01-17T11:15:08","date_gmt":"2026-01-17T11:15:08","guid":{"rendered":"https:\/\/www.europesays.com\/pt\/232666\/"},"modified":"2026-01-17T11:15:08","modified_gmt":"2026-01-17T11:15:08","slug":"fc-porto-recusa-pagar-a-bruno-macedo-comissoes-de-354-milhoes-de-euros-fc-porto","status":"publish","type":"post","link":"https:\/\/www.europesays.com\/pt\/232666\/","title":{"rendered":"FC Porto recusa pagar a Bruno Macedo comiss\u00f5es de 3,54 milh\u00f5es de euros &#8211; FC Porto"},"content":{"rendered":"<p>                    09:22<\/p>\n<p>Record sabe que o processo foi encerrado por desist\u00eancia das partes<\/p>\n<p class=\"\">&#13;<br \/>\n        O <b><a href=\"https:\/\/www.cmjornal.pt\/desporto\/futebol\/detalhe\/fc-porto-recusa-pagar-a-bruno-macedo-comissoes-de-3-54-milhoes-de-euros\" title=\"FC Porto recusa pagar a Bruno Macedo comiss\u00f5es de 3,54 milh\u00f5es de euros\" target=\"_blank\" rel=\"tag nofollow noopener\">Correio da Manh\u00e3<\/a><\/b> avan\u00e7a este s\u00e1bado que a FC Porto SAD recusa pagar a duas empresas de Bruno Macedo uma d\u00edvida de 3,54 milh\u00f5es de euros relativa aos servi\u00e7os de intermedia\u00e7\u00e3o prestados por Macedo na venda de Milit\u00e3o ao Real Madrid e de Felipe ao Atl\u00e9tico Madrid, em 2019. Macedo tentou cobrar a d\u00edvida de forma coerciva atrav\u00e9s de a\u00e7\u00f5es de execu\u00e7\u00e3o instauradas pela Yes Sports e pela Bm Consulting contra a FC Porto SAD, mas perdeu em tribunal e tamb\u00e9m perdeu um recurso interposto no Tribunal da Rela\u00e7\u00e3o do Porto (TRP) contra essa senten\u00e7a favor\u00e1vel \u00e0 FC Porto SAD. Liderada por Andr\u00e9 Villas-Boas, a FC Porto SAD alega que existem \u201cind\u00edcios s\u00e9rios\u201d de que os cr\u00e9ditos reclamados por essas firmas poder\u00e3o dizer respeito a servi\u00e7os fict\u00edcios.&#13;\n    <\/p>\n<p class=\"\">&#13;<br \/>\n        Entretanto, sabe <b>Record<\/b>, o processo foi encerrado por desist\u00eancia das partes.&#13;\n    <\/p>\n","protected":false},"excerpt":{"rendered":"09:22 Record sabe que o processo foi encerrado por desist\u00eancia das partes &#13; O Correio da Manh\u00e3 avan\u00e7a&hellip;\n","protected":false},"author":2,"featured_media":232667,"comment_status":"","ping_status":"","sticky":false,"template":"","format":"standard","meta":{"footnotes":""},"categories":[87],"tags":[135,32,33,134],"class_list":{"0":"post-232666","1":"post","2":"type-post","3":"status-publish","4":"format-standard","5":"has-post-thumbnail","7":"category-desporto","8":"tag-desporto","9":"tag-portugal","10":"tag-pt","11":"tag-sports"},"share_on_mastodon":{"url":"https:\/\/pubeurope.com\/@pt\/115910156199808031","error":""},"_links":{"self":[{"href":"https:\/\/www.europesays.com\/pt\/wp-json\/wp\/v2\/posts\/232666","targetHints":{"allow":["GET"]}}],"collection":[{"href":"https:\/\/www.europesays.com\/pt\/wp-json\/wp\/v2\/posts"}],"about":[{"href":"https:\/\/www.europesays.com\/pt\/wp-json\/wp\/v2\/types\/post"}],"author":[{"embeddable":true,"href":"https:\/\/www.europesays.com\/pt\/wp-json\/wp\/v2\/users\/2"}],"replies":[{"embeddable":true,"href":"https:\/\/www.europesays.com\/pt\/wp-json\/wp\/v2\/comments?post=232666"}],"version-history":[{"count":0,"href":"https:\/\/www.europesays.com\/pt\/wp-json\/wp\/v2\/posts\/232666\/revisions"}],"wp:featuredmedia":[{"embeddable":true,"href":"https:\/\/www.europesays.com\/pt\/wp-json\/wp\/v2\/media\/232667"}],"wp:attachment":[{"href":"https:\/\/www.europesays.com\/pt\/wp-json\/wp\/v2\/media?parent=232666"}],"wp:term":[{"taxonomy":"category","embeddable":true,"href":"https:\/\/www.europesays.com\/pt\/wp-json\/wp\/v2\/categories?post=232666"},{"taxonomy":"post_tag","embeddable":true,"href":"https:\/\/www.europesays.com\/pt\/wp-json\/wp\/v2\/tags?post=232666"}],"curies":[{"name":"wp","href":"https:\/\/api.w.org\/{rel}","templated":true}]}}