{"id":232684,"date":"2026-01-17T11:35:31","date_gmt":"2026-01-17T11:35:31","guid":{"rendered":"https:\/\/www.europesays.com\/pt\/232684\/"},"modified":"2026-01-17T11:35:31","modified_gmt":"2026-01-17T11:35:31","slug":"camisolas-da-campanha-de-andre-ventura-sao-feitas-no-bangladesh","status":"publish","type":"post","link":"https:\/\/www.europesays.com\/pt\/232684\/","title":{"rendered":"Camisolas da campanha de Andr\u00e9 Ventura s\u00e3o feitas&#8230; no Bangladesh"},"content":{"rendered":"<p class=\"wp-caption-text top\">Francisco Ara\u00fajo \/ X<\/p>\n<p><img decoding=\"async\" loading=\"lazy\" class=\"wp-image-708267 size-kopa-image-size-3\" src=\"https:\/\/www.europesays.com\/pt\/wp-content\/uploads\/2026\/01\/465eed053dad83fdda62622ea6f0ac0e-783x450.jpg\" alt=\"\" width=\"700\" height=\"402\"  \/><\/p>\n<p class=\"wp-caption-text bot\">Cartaz de Andr\u00e9 Ventura para as presidenciais 2026: \u201cIsto n\u00e3o \u00e9 o Bangladesh\u201d<\/p>\n<p><strong>As camisolas dadas como brinde pela campanha de Ventura s\u00e3o produzidas no Bangladesh, apesar dos cartazes do candidato com mensagens contra os imigrantes oriundos do pa\u00eds asi\u00e1tico.<\/strong><\/p>\n<p>As t-shirts distribu\u00eddas numa a\u00e7\u00e3o da campanha de Andr\u00e9 Ventura \u00e0s presidenciais em Mirandela, distrito de Bragan\u00e7a, na segunda-feira, eram \u2018made in Bangladesh\u201d, segundo se pode verificar na etiqueta.<\/p>\n<p>As t-shirts s\u00e3o feitas por uma empresa do grupo Keya, daquele pa\u00eds asi\u00e1tico, que, no seu site, diz ter uma capacidade de <strong>produ\u00e7\u00e3o superior a 100 milh\u00f5es de pe\u00e7as<\/strong> de t\u00eaxtil, tendo na Europa a sua representante (Kamp Europe BVBA \u2013 tamb\u00e9m referenciada na t-shirt).<\/p>\n<p>J\u00e1 os chap\u00e9us e cachec\u00f3is <strong>oferecidos pela campanha como \u201cbrinde\u201d<\/strong> n\u00e3o t\u00eam qualquer refer\u00eancia \u00e0 origem de produ\u00e7\u00e3o.<\/p>\n<blockquote class=\"twitter-tweet\">\n<p dir=\"ltr\" lang=\"pt\">O CH VESTE BANGLADESH<br \/>As `t-shirts\u00b4distribu\u00eddas numa a\u00e7\u00e3o da campanha de Ventura \u00e0s presidenciais em Mirandela eram `made in Bangladesh\u201d, segundo se pode verificar na etiqueta, conta a Lusa. S\u00e3o feitas por uma empresa do grupo Keya, daquele pa\u00eds.<a href=\"https:\/\/t.co\/UciJksXWc7\" data-wpel-link=\"external\" target=\"_blank\" rel=\"nofollow external noopener noreferrer\" class=\"ext-link\">https:\/\/t.co\/UciJksXWc7<\/a> <a href=\"https:\/\/t.co\/6sQlhH8htI\" data-wpel-link=\"external\" target=\"_blank\" rel=\"nofollow external noopener noreferrer\" class=\"ext-link\">pic.twitter.com\/6sQlhH8htI<\/a><\/p>\n<p>\u2014 Miguel Carvalho (@MIGUELCreporter) <a href=\"https:\/\/twitter.com\/MIGUELCreporter\/status\/2010781473343676777?ref_src=twsrc%5Etfw\" data-wpel-link=\"external\" target=\"_blank\" rel=\"nofollow external noopener noreferrer\" class=\"ext-link\">January 12, 2026<\/a><\/p>\n<\/blockquote>\n<p>A maioria dos brindes presentes em Mirandela estava em caixas com refer\u00eancia \u00e0 empresa Best Oriente, que no seu site afirma ser uma \u201c<strong>empresa luso-chinesa<\/strong>\u201d que se posiciona no mercado do \u2018marketing\u2019 promocional \u201cMade in China, com servi\u00e7o de chave na m\u00e3o\u201d, tendo estrutura pr\u00f3pria de produ\u00e7\u00e3o em Yiwu, naquele pa\u00eds.<\/p>\n<p>\u201c<strong>Isto n\u00e3o \u00e9 o Bangladesh<\/strong>\u201d \u00e9 uma das mensagens que consta dos cartazes da candidatura de Andr\u00e9 Ventura e uma das frases mais repetidas pelo l\u00edder do Chega e candidato a Bel\u00e9m em muitas das declara\u00e7\u00f5es \u00e0 comunica\u00e7\u00e3o social, durante a campanha eleitoral \u00e0s presidenciais.<\/p>\n<p>Ainda na manh\u00e3 de segunda-feira, durante uma visita \u00e0 Adega de Vila Real, Ventura repetiu a ideia: \u201cSe n\u00f3s pag\u00e1ssemos melhor aos nossos, n\u00f3s <strong>n\u00e3o precis\u00e1vamos desta invas\u00e3o de indianos, do Bangladesh<\/strong>, do Nepal e de todos os outros pa\u00edses\u201d.<\/p>\n<p>    <a href=\"https:\/\/zap.aeiou.pt\/subscrever-newsletter\" data-wpel-link=\"internal\" rel=\"nofollow noopener\" target=\"_blank\">&#13;<br \/>\n        <img loading=\"lazy\" decoding=\"async\" class=\"aligncenter size-full wp-image-575475\" src=\"https:\/\/www.europesays.com\/pt\/wp-content\/uploads\/2025\/12\/1765389371_545_2d51fe4a0ba54894421ead1809309ed9-1-450x140.jpg\" alt=\"Subscreva a Newsletter ZAP\" width=\"450\" height=\"140\"\/>&#13;<br \/>\n    <\/a><\/p>\n<p>                <a href=\"https:\/\/whatsapp.com\/channel\/0029VaIC4EE2f3EJZPPSbR34\" data-wpel-link=\"external\" target=\"_blank\" rel=\"nofollow external noopener noreferrer\" class=\"ext-link\">&#13;<br \/>\n                    <img loading=\"lazy\" decoding=\"async\" class=\"aligncenter size-full wp-image-575475\" src=\"https:\/\/www.europesays.com\/pt\/wp-content\/uploads\/2025\/12\/1765389371_770_c68c559d956d4ca20f435ed74a6e71e6.png\" alt=\"Siga-nos no WhatsApp\" width=\"175\" height=\"64\"\/>&#13;<br \/>\n                <\/a><\/p>\n<p>                <a href=\"https:\/\/news.google.com\/publications\/CAAiEHRwZondIV71PDjWNoqMduEqFAgKIhB0cGaJ3SFe9Tw41jaKjHbh?hl=en-US&amp;gl=US&amp;ceid=US%3Aen\" data-wpel-link=\"external\" target=\"_blank\" rel=\"nofollow external noopener noreferrer\" class=\"ext-link\">&#13;<br \/>\n                    <img loading=\"lazy\" decoding=\"async\" class=\"aligncenter size-full wp-image-575475\" src=\"https:\/\/www.europesays.com\/pt\/wp-content\/uploads\/2025\/12\/1765389372_556_5123dd8b087b644fdb8f8603acd1bad4.png\" alt=\"Siga-nos no Google News\" width=\"176\" height=\"64\"\/>&#13;<br \/>\n                <\/a><\/p>\n<p>                <script async src=\"https:\/\/platform.twitter.com\/widgets.js\" charset=\"utf-8\"><\/script><\/p>\n","protected":false},"excerpt":{"rendered":"Francisco Ara\u00fajo \/ X Cartaz de Andr\u00e9 Ventura para as presidenciais 2026: \u201cIsto n\u00e3o \u00e9 o Bangladesh\u201d As&hellip;\n","protected":false},"author":2,"featured_media":232685,"comment_status":"","ping_status":"","sticky":false,"template":"","format":"standard","meta":{"footnotes":""},"categories":[50],"tags":[3386,27,28,15,16,14,25,26,21,22,62,12,13,19,20,1076,23,24,17,18,29,30,31,63,64,65],"class_list":{"0":"post-232684","1":"post","2":"type-post","3":"status-publish","4":"format-standard","5":"has-post-thumbnail","7":"category-mundo","8":"tag-andre-ventura","9":"tag-breaking-news","10":"tag-breakingnews","11":"tag-featured-news","12":"tag-featurednews","13":"tag-headlines","14":"tag-latest-news","15":"tag-latestnews","16":"tag-main-news","17":"tag-mainnews","18":"tag-mundo","19":"tag-news","20":"tag-noticias","21":"tag-noticias-principais","22":"tag-noticiasprincipais","23":"tag-presidenciais-2026","24":"tag-principais-noticias","25":"tag-principaisnoticias","26":"tag-top-stories","27":"tag-topstories","28":"tag-ultimas","29":"tag-ultimas-noticias","30":"tag-ultimasnoticias","31":"tag-world","32":"tag-world-news","33":"tag-worldnews"},"share_on_mastodon":{"url":"https:\/\/pubeurope.com\/@pt\/115910234963243355","error":""},"_links":{"self":[{"href":"https:\/\/www.europesays.com\/pt\/wp-json\/wp\/v2\/posts\/232684","targetHints":{"allow":["GET"]}}],"collection":[{"href":"https:\/\/www.europesays.com\/pt\/wp-json\/wp\/v2\/posts"}],"about":[{"href":"https:\/\/www.europesays.com\/pt\/wp-json\/wp\/v2\/types\/post"}],"author":[{"embeddable":true,"href":"https:\/\/www.europesays.com\/pt\/wp-json\/wp\/v2\/users\/2"}],"replies":[{"embeddable":true,"href":"https:\/\/www.europesays.com\/pt\/wp-json\/wp\/v2\/comments?post=232684"}],"version-history":[{"count":0,"href":"https:\/\/www.europesays.com\/pt\/wp-json\/wp\/v2\/posts\/232684\/revisions"}],"wp:featuredmedia":[{"embeddable":true,"href":"https:\/\/www.europesays.com\/pt\/wp-json\/wp\/v2\/media\/232685"}],"wp:attachment":[{"href":"https:\/\/www.europesays.com\/pt\/wp-json\/wp\/v2\/media?parent=232684"}],"wp:term":[{"taxonomy":"category","embeddable":true,"href":"https:\/\/www.europesays.com\/pt\/wp-json\/wp\/v2\/categories?post=232684"},{"taxonomy":"post_tag","embeddable":true,"href":"https:\/\/www.europesays.com\/pt\/wp-json\/wp\/v2\/tags?post=232684"}],"curies":[{"name":"wp","href":"https:\/\/api.w.org\/{rel}","templated":true}]}}