{"id":232713,"date":"2026-01-17T12:01:12","date_gmt":"2026-01-17T12:01:12","guid":{"rendered":"https:\/\/www.europesays.com\/pt\/232713\/"},"modified":"2026-01-17T12:01:12","modified_gmt":"2026-01-17T12:01:12","slug":"cientistas-desvendam-misterio-dos-pequenos-pontos-vermelhos-do-telescopio-espacial-james-webb","status":"publish","type":"post","link":"https:\/\/www.europesays.com\/pt\/232713\/","title":{"rendered":"Cientistas desvendam mist\u00e9rio dos pequenos pontos vermelhos do Telesc\u00f3pio Espacial James Webb"},"content":{"rendered":"<p>\n                    Publicado a                 16\/01\/2026 &#8211; 7:01 GMT+1<br \/>\n                \u2022\u00daltimas not\u00edcias<br \/>\n                                     7:21\n                                        <\/p>\n<p>Os astr\u00f3nomos dizem ter finalmente desvendado os misteriosos \u201cpequenos pontos vermelhos\u201d, vistos pela primeira vez em 2022 em imagens do Telesc\u00f3pio Espacial James Webb da NASA.<\/p>\n<p>Estes intrigavam os investigadores, j\u00e1 que a luz invulgar n\u00e3o deixava claro o que lhes dava energia.<\/p>\n<p>Estudos iniciais sugerem serem gal\u00e1xias extremamente compactas e distantes, observadas em fases muito precoces da hist\u00f3ria do universo, cada vez mais raras \u00e0 medida que o universo evolui.<\/p>\n<p>A nova an\u00e1lise indica que os pontos vermelhos s\u00e3o afinal buracos negros jovens, um tipo de buraco negro gigantesco, envoltos em g\u00e1s.<\/p>\n<p>Com os instrumentos avan\u00e7ados do James Webb, cientistas examinaram como a luz das gal\u00e1xias se distribui pelas diferentes cores.<\/p>\n<p>Encontraram sinais de que a luz est\u00e1 a ser dispersa por g\u00e1s denso e ionizado, processo que s\u00f3 ocorre muito perto de um buraco negro que esteja a acumular mat\u00e9ria.<\/p>\n<p>Ao cair para o buraco negro, o g\u00e1s aquece e brilha atrav\u00e9s do casulo de g\u00e1s envolvente, produzindo o brilho vermelho observado pelo Telesc\u00f3pio Espacial James Webb.<\/p>\n<p>Enterrados em material denso, estes buracos negros emitem muito pouca radia\u00e7\u00e3o de raios X ou r\u00e1dio, o que ajuda a explicar porque s\u00f3 foram vistos pelo Telesc\u00f3pio Espacial James Webb.<\/p>\n<p>O novo estudo indica que os buracos negros t\u00eam massas entre cerca de 100 mil e 10 milh\u00f5es de vezes a do Sol.<\/p>\n<p>Apesar de enormes, s\u00e3o muito menores do que se pensava e s\u00e3o os buracos negros de menor massa conhecidos em fases t\u00e3o precoces do universo.<\/p>\n<p>O <a href=\"https:\/\/www.nature.com\/articles\/s41586-025-09900-4\" target=\"_blank\" rel=\"noreferrer nofollow noopener\">estudo<\/a> foi publicado na revista Nature.<\/p>\n","protected":false},"excerpt":{"rendered":"Publicado a 16\/01\/2026 &#8211; 7:01 GMT+1 \u2022\u00daltimas not\u00edcias 7:21 Os astr\u00f3nomos dizem ter finalmente desvendado os misteriosos \u201cpequenos&hellip;\n","protected":false},"author":2,"featured_media":232714,"comment_status":"","ping_status":"","sticky":false,"template":"","format":"standard","meta":{"footnotes":""},"categories":[84],"tags":[109,107,108,24502,1149,32,33,105,103,104,106,110,10900,11513],"class_list":{"0":"post-232713","1":"post","2":"type-post","3":"status-publish","4":"format-standard","5":"has-post-thumbnail","7":"category-ciencia-e-tecnologia","8":"tag-ciencia","9":"tag-ciencia-e-tecnologia","10":"tag-cienciaetecnologia","11":"tag-investigacao-espacial","12":"tag-nasa","13":"tag-portugal","14":"tag-pt","15":"tag-science","16":"tag-science-and-technology","17":"tag-scienceandtechnology","18":"tag-technology","19":"tag-tecnologia","20":"tag-tecnologia-espacial","21":"tag-telescopio-james-webb"},"share_on_mastodon":{"url":"https:\/\/pubeurope.com\/@pt\/115910337020301923","error":""},"_links":{"self":[{"href":"https:\/\/www.europesays.com\/pt\/wp-json\/wp\/v2\/posts\/232713","targetHints":{"allow":["GET"]}}],"collection":[{"href":"https:\/\/www.europesays.com\/pt\/wp-json\/wp\/v2\/posts"}],"about":[{"href":"https:\/\/www.europesays.com\/pt\/wp-json\/wp\/v2\/types\/post"}],"author":[{"embeddable":true,"href":"https:\/\/www.europesays.com\/pt\/wp-json\/wp\/v2\/users\/2"}],"replies":[{"embeddable":true,"href":"https:\/\/www.europesays.com\/pt\/wp-json\/wp\/v2\/comments?post=232713"}],"version-history":[{"count":0,"href":"https:\/\/www.europesays.com\/pt\/wp-json\/wp\/v2\/posts\/232713\/revisions"}],"wp:featuredmedia":[{"embeddable":true,"href":"https:\/\/www.europesays.com\/pt\/wp-json\/wp\/v2\/media\/232714"}],"wp:attachment":[{"href":"https:\/\/www.europesays.com\/pt\/wp-json\/wp\/v2\/media?parent=232713"}],"wp:term":[{"taxonomy":"category","embeddable":true,"href":"https:\/\/www.europesays.com\/pt\/wp-json\/wp\/v2\/categories?post=232713"},{"taxonomy":"post_tag","embeddable":true,"href":"https:\/\/www.europesays.com\/pt\/wp-json\/wp\/v2\/tags?post=232713"}],"curies":[{"name":"wp","href":"https:\/\/api.w.org\/{rel}","templated":true}]}}