{"id":232715,"date":"2026-01-17T12:03:11","date_gmt":"2026-01-17T12:03:11","guid":{"rendered":"https:\/\/www.europesays.com\/pt\/232715\/"},"modified":"2026-01-17T12:03:11","modified_gmt":"2026-01-17T12:03:11","slug":"sem-possibilidade-de-rendicao-ou-capitulacao-observador","status":"publish","type":"post","link":"https:\/\/www.europesays.com\/pt\/232715\/","title":{"rendered":"&#8220;Sem possibilidade de rendi\u00e7\u00e3o ou capitula\u00e7\u00e3o&#8221; \u2013 Observador"},"content":{"rendered":"<p>O Presidente cubano, Miguel D\u00edaz-Canel, rejeitou esta sexta-feira qualquer possibilidade de entendimento ou negocia\u00e7\u00e3o com os Estados Unidos baseada em coer\u00e7\u00e3o ou intimida\u00e7\u00e3o, sublinhando que Cuba est\u00e1 disposta a dialogar apenas em condi\u00e7\u00f5es de igualdade e de respeito m\u00fatuo.<\/p>\n<p>D\u00edaz-Canel discursava na abertura da cerim\u00f3nia de homenagem aos 32 cubanos mortos na Venezuela na opera\u00e7\u00e3o militar norte-americana de 3 de mar\u00e7o, que culminou com a pris\u00e3o do Presidente venezuelano Nicol\u00e1s Maduro e da sua mulher.<\/p>\n<p><strong>\u201cN\u00e3o h\u00e1 possibilidade de rendi\u00e7\u00e3o ou capitula\u00e7\u00e3o<\/strong>, nem qualquer tipo de entendimento baseado na coer\u00e7\u00e3o ou na intimida\u00e7\u00e3o\u201d, afirmou Diaz-Canel, acrescentando que Cuba \u201cn\u00e3o tem de fazer concess\u00f5es pol\u00edticas\u201d nas negocia\u00e7\u00f5es com Washington.<\/p>\n<p>O chefe de Estado cubano salientou que Havana estar\u00e1 \u201csempre disposta a dialogar e a melhorar as rela\u00e7\u00f5es\u201d com os Estados Unidos, mas apenas \u201cem termos de igualdade e com base no respeito m\u00fatuo\u201d.<\/p>\n<p><strong>\u201cTem sido assim h\u00e1 mais de seis d\u00e9cadas e a hist\u00f3ria n\u00e3o ser\u00e1 diferente agora<\/strong>\u201c, declarou.<\/p>\n<p>O discurso foi proferido perante milhares de pessoas reunidas na Tribuna Anti-Imperialista, no Malec\u00f3n de Havana, na presen\u00e7a de altos dirigentes do Governo e do Partido Comunista de Cuba, mas sem a participa\u00e7\u00e3o do ex-presidente Ra\u00fal Castro.<\/p>\n<p><strong>\u201cCuba n\u00e3o amea\u00e7a nem desafia\u201d,<\/strong> afirmou D\u00edaz-Canel, advertindo, contudo, que <strong>a ilha se defender\u00e1 caso seja atacada.<\/strong><\/p>\n<p>\u201cSe formos atacados, lutaremos com a mesma ferocidade legada por gera\u00e7\u00f5es de combatentes cubanos, desde as guerras de independ\u00eancia do s\u00e9culo XIX at\u00e9 \u00e0s lutas no s\u00e9culo XXI\u201d, acrescentou o Presidente.<\/p>\n<p><strong>\u201cN\u00e3o nos intimidar\u00e3o\u201d,<\/strong> disse ainda Diaz-Canel, considerando que as atuais amea\u00e7as norte-americanas recordam as de anteriores governos\u00a0dos Estados Unidos controladas por setores de linha-dura.<\/p>\n<p>O Presidente cubano afirmou que para intimidar Cuba seria necess\u00e1rio \u201csequestrar milh\u00f5es de pessoas ou apagar este arquip\u00e9lago do mapa\u201d.<\/p>\n<p>Para D\u00edaz-Canel, o ataque norte-americano contra a Venezuela abriu \u201cas portas a uma nova era de barb\u00e1rie, pilhagem e neofascismo\u201d, depois de meses de uma \u201cteia de mentiras e difama\u00e7\u00e3o\u201d.<\/p>\n<p>O l\u00edder cubano reconheceu que a opera\u00e7\u00e3o militar \u201catingiu duramente\u201d o Governo de Havana, descrevendo o momento como de \u201cindigna\u00e7\u00e3o e impot\u00eancia\u201d, sublinhando que a Venezuela era o principal aliado pol\u00edtico e o maior parceiro comercial de Cuba.<\/p>\n<p>Num apelo \u00e0 coes\u00e3o interna, D\u00edaz-Canel afirmou que, perante as amea\u00e7as externas, <strong>\u201ca unidade \u00e9 a arma mais poderosa\u201d<\/strong> do povo cubano.<\/p>\n","protected":false},"excerpt":{"rendered":"O Presidente cubano, Miguel D\u00edaz-Canel, rejeitou esta sexta-feira qualquer possibilidade de entendimento ou negocia\u00e7\u00e3o com os Estados Unidos&hellip;\n","protected":false},"author":2,"featured_media":232716,"comment_status":"","ping_status":"","sticky":false,"template":"","format":"standard","meta":{"footnotes":""},"categories":[50],"tags":[624,27,28,2535,623,15,16,14,25,26,21,22,62,12,13,19,20,23,24,17,18,29,30,31,3023,63,64,65],"class_list":{"0":"post-232715","1":"post","2":"type-post","3":"status-publish","4":"format-standard","5":"has-post-thumbnail","7":"category-mundo","8":"tag-amu00e9rica","9":"tag-breaking-news","10":"tag-breakingnews","11":"tag-cuba","12":"tag-estados-unidos-da-amu00e9rica","13":"tag-featured-news","14":"tag-featurednews","15":"tag-headlines","16":"tag-latest-news","17":"tag-latestnews","18":"tag-main-news","19":"tag-mainnews","20":"tag-mundo","21":"tag-news","22":"tag-noticias","23":"tag-noticias-principais","24":"tag-noticiasprincipais","25":"tag-principais-noticias","26":"tag-principaisnoticias","27":"tag-top-stories","28":"tag-topstories","29":"tag-ultimas","30":"tag-ultimas-noticias","31":"tag-ultimasnoticias","32":"tag-venezuela","33":"tag-world","34":"tag-world-news","35":"tag-worldnews"},"share_on_mastodon":{"url":"https:\/\/pubeurope.com\/@pt\/115910344892833056","error":""},"_links":{"self":[{"href":"https:\/\/www.europesays.com\/pt\/wp-json\/wp\/v2\/posts\/232715","targetHints":{"allow":["GET"]}}],"collection":[{"href":"https:\/\/www.europesays.com\/pt\/wp-json\/wp\/v2\/posts"}],"about":[{"href":"https:\/\/www.europesays.com\/pt\/wp-json\/wp\/v2\/types\/post"}],"author":[{"embeddable":true,"href":"https:\/\/www.europesays.com\/pt\/wp-json\/wp\/v2\/users\/2"}],"replies":[{"embeddable":true,"href":"https:\/\/www.europesays.com\/pt\/wp-json\/wp\/v2\/comments?post=232715"}],"version-history":[{"count":0,"href":"https:\/\/www.europesays.com\/pt\/wp-json\/wp\/v2\/posts\/232715\/revisions"}],"wp:featuredmedia":[{"embeddable":true,"href":"https:\/\/www.europesays.com\/pt\/wp-json\/wp\/v2\/media\/232716"}],"wp:attachment":[{"href":"https:\/\/www.europesays.com\/pt\/wp-json\/wp\/v2\/media?parent=232715"}],"wp:term":[{"taxonomy":"category","embeddable":true,"href":"https:\/\/www.europesays.com\/pt\/wp-json\/wp\/v2\/categories?post=232715"},{"taxonomy":"post_tag","embeddable":true,"href":"https:\/\/www.europesays.com\/pt\/wp-json\/wp\/v2\/tags?post=232715"}],"curies":[{"name":"wp","href":"https:\/\/api.w.org\/{rel}","templated":true}]}}