{"id":232717,"date":"2026-01-17T12:04:07","date_gmt":"2026-01-17T12:04:07","guid":{"rendered":"https:\/\/www.europesays.com\/pt\/232717\/"},"modified":"2026-01-17T12:04:07","modified_gmt":"2026-01-17T12:04:07","slug":"constitucionalista-jorge-miranda-e-o-dia-de-reflexao-e-bom-que-candidatos-e-cidadaos-respirem","status":"publish","type":"post","link":"https:\/\/www.europesays.com\/pt\/232717\/","title":{"rendered":"Constitucionalista Jorge Miranda e o dia de reflex\u00e3o: &#8220;\u00c9 bom que candidatos e cidad\u00e3os respirem&#8221;"},"content":{"rendered":"<p>\u00c9 a favor ou contra o dia de reflex\u00e3o?<\/p>\n<p data-remotead-prev-elm=\"true\" data-remotead-elm-id=\"inread\">Sou a favor do dia de reflex\u00e3o nas presidenciais. A campanha para as elei\u00e7\u00f5es dura muito tempo e tem atingido uma grande intensidade. \u00c9 bom que os candidatos e os cidad\u00e3os &#8220;respirem&#8221;, fa\u00e7a a reflex\u00e3o e pensem bem, sem a press\u00e3o da televis\u00e3o e da r\u00e1dio. Com as campanhas eleitorais de hoje, eu acho que \u00e9 bom haver um dia de reflex\u00e3o.<\/p>\n","protected":false},"excerpt":{"rendered":"\u00c9 a favor ou contra o dia de reflex\u00e3o? Sou a favor do dia de reflex\u00e3o nas presidenciais.&hellip;\n","protected":false},"author":2,"featured_media":232718,"comment_status":"","ping_status":"","sticky":false,"template":"","format":"standard","meta":{"footnotes":""},"categories":[10],"tags":[27,28,2258,1705,15,16,14,25,26,44461,21,22,619,12,13,19,20,32,23,24,33,17,18,29,30,31],"class_list":{"0":"post-232717","1":"post","2":"type-post","3":"status-publish","4":"format-standard","5":"has-post-thumbnail","7":"category-portugal","8":"tag-breaking-news","9":"tag-breakingnews","10":"tag-eleicoes","11":"tag-eleicoes-presidenciais","12":"tag-featured-news","13":"tag-featurednews","14":"tag-headlines","15":"tag-latest-news","16":"tag-latestnews","17":"tag-lei-eleitoral","18":"tag-main-news","19":"tag-mainnews","20":"tag-nacional","21":"tag-news","22":"tag-noticias","23":"tag-noticias-principais","24":"tag-noticiasprincipais","25":"tag-portugal","26":"tag-principais-noticias","27":"tag-principaisnoticias","28":"tag-pt","29":"tag-top-stories","30":"tag-topstories","31":"tag-ultimas","32":"tag-ultimas-noticias","33":"tag-ultimasnoticias"},"share_on_mastodon":{"url":"https:\/\/pubeurope.com\/@pt\/115910348869304028","error":""},"_links":{"self":[{"href":"https:\/\/www.europesays.com\/pt\/wp-json\/wp\/v2\/posts\/232717","targetHints":{"allow":["GET"]}}],"collection":[{"href":"https:\/\/www.europesays.com\/pt\/wp-json\/wp\/v2\/posts"}],"about":[{"href":"https:\/\/www.europesays.com\/pt\/wp-json\/wp\/v2\/types\/post"}],"author":[{"embeddable":true,"href":"https:\/\/www.europesays.com\/pt\/wp-json\/wp\/v2\/users\/2"}],"replies":[{"embeddable":true,"href":"https:\/\/www.europesays.com\/pt\/wp-json\/wp\/v2\/comments?post=232717"}],"version-history":[{"count":0,"href":"https:\/\/www.europesays.com\/pt\/wp-json\/wp\/v2\/posts\/232717\/revisions"}],"wp:featuredmedia":[{"embeddable":true,"href":"https:\/\/www.europesays.com\/pt\/wp-json\/wp\/v2\/media\/232718"}],"wp:attachment":[{"href":"https:\/\/www.europesays.com\/pt\/wp-json\/wp\/v2\/media?parent=232717"}],"wp:term":[{"taxonomy":"category","embeddable":true,"href":"https:\/\/www.europesays.com\/pt\/wp-json\/wp\/v2\/categories?post=232717"},{"taxonomy":"post_tag","embeddable":true,"href":"https:\/\/www.europesays.com\/pt\/wp-json\/wp\/v2\/tags?post=232717"}],"curies":[{"name":"wp","href":"https:\/\/api.w.org\/{rel}","templated":true}]}}