{"id":232730,"date":"2026-01-17T12:18:08","date_gmt":"2026-01-17T12:18:08","guid":{"rendered":"https:\/\/www.europesays.com\/pt\/232730\/"},"modified":"2026-01-17T12:18:08","modified_gmt":"2026-01-17T12:18:08","slug":"tres-feridos-em-agressao-com-arma-branca-em-pacos-de-brandao","status":"publish","type":"post","link":"https:\/\/www.europesays.com\/pt\/232730\/","title":{"rendered":"Tr\u00eas feridos em agress\u00e3o com arma branca em Pa\u00e7os de Brand\u00e3o"},"content":{"rendered":"<p data-remotead-prev-elm=\"true\" data-remotead-elm-id=\"inread\">O alerta foi dado cerca das 5.38 horas. A agress\u00e3o ter\u00e1 resultado de uma contenda, envolvendo v\u00e1rios indiv\u00edduos.<\/p>\n<p>Dois dos feridos s\u00e3o homens, ambos com cerca de 25 anos, que sofreram golpes de arma branca, um ao n\u00edvel do bra\u00e7o e outro na perna. Posteriormente, foi confirmada a exist\u00eancia de uma terceira v\u00edtima com ferimentos.<\/p>\n<p>No local estiveram os Bombeiros da Feira e a Viatura M\u00e9dica de Emerg\u00eancia e Reanima\u00e7\u00e3o (VMER) que asseguraram a assist\u00eancia \u00e0s v\u00edtimas. Os militares da GNR de Lamas estiveram tamb\u00e9m no local, sendo que as circunst\u00e2ncias da agress\u00e3o est\u00e3o agora a ser investigadas pelas autoridades.<\/p>\n","protected":false},"excerpt":{"rendered":"O alerta foi dado cerca das 5.38 horas. A agress\u00e3o ter\u00e1 resultado de uma contenda, envolvendo v\u00e1rios indiv\u00edduos.&hellip;\n","protected":false},"author":2,"featured_media":171566,"comment_status":"","ping_status":"","sticky":false,"template":"","format":"standard","meta":{"footnotes":""},"categories":[10],"tags":[44471,27,28,20984,15,16,14,25,26,21,22,12,13,19,20,44470,32,23,24,33,17,18,29,30,31],"class_list":{"0":"post-232730","1":"post","2":"type-post","3":"status-publish","4":"format-standard","5":"has-post-thumbnail","7":"category-portugal","8":"tag-arma-branca","9":"tag-breaking-news","10":"tag-breakingnews","11":"tag-concelho-santa-maria-da-feira","12":"tag-featured-news","13":"tag-featurednews","14":"tag-headlines","15":"tag-latest-news","16":"tag-latestnews","17":"tag-main-news","18":"tag-mainnews","19":"tag-news","20":"tag-noticias","21":"tag-noticias-principais","22":"tag-noticiasprincipais","23":"tag-pacos-de-brandao","24":"tag-portugal","25":"tag-principais-noticias","26":"tag-principaisnoticias","27":"tag-pt","28":"tag-top-stories","29":"tag-topstories","30":"tag-ultimas","31":"tag-ultimas-noticias","32":"tag-ultimasnoticias"},"share_on_mastodon":{"url":"https:\/\/pubeurope.com\/@pt\/115910403921557008","error":""},"_links":{"self":[{"href":"https:\/\/www.europesays.com\/pt\/wp-json\/wp\/v2\/posts\/232730","targetHints":{"allow":["GET"]}}],"collection":[{"href":"https:\/\/www.europesays.com\/pt\/wp-json\/wp\/v2\/posts"}],"about":[{"href":"https:\/\/www.europesays.com\/pt\/wp-json\/wp\/v2\/types\/post"}],"author":[{"embeddable":true,"href":"https:\/\/www.europesays.com\/pt\/wp-json\/wp\/v2\/users\/2"}],"replies":[{"embeddable":true,"href":"https:\/\/www.europesays.com\/pt\/wp-json\/wp\/v2\/comments?post=232730"}],"version-history":[{"count":0,"href":"https:\/\/www.europesays.com\/pt\/wp-json\/wp\/v2\/posts\/232730\/revisions"}],"wp:featuredmedia":[{"embeddable":true,"href":"https:\/\/www.europesays.com\/pt\/wp-json\/wp\/v2\/media\/171566"}],"wp:attachment":[{"href":"https:\/\/www.europesays.com\/pt\/wp-json\/wp\/v2\/media?parent=232730"}],"wp:term":[{"taxonomy":"category","embeddable":true,"href":"https:\/\/www.europesays.com\/pt\/wp-json\/wp\/v2\/categories?post=232730"},{"taxonomy":"post_tag","embeddable":true,"href":"https:\/\/www.europesays.com\/pt\/wp-json\/wp\/v2\/tags?post=232730"}],"curies":[{"name":"wp","href":"https:\/\/api.w.org\/{rel}","templated":true}]}}