{"id":232853,"date":"2026-01-17T14:07:07","date_gmt":"2026-01-17T14:07:07","guid":{"rendered":"https:\/\/www.europesays.com\/pt\/232853\/"},"modified":"2026-01-17T14:07:07","modified_gmt":"2026-01-17T14:07:07","slug":"iphone-18-pro-novo-rumor-confirma-fim-da-dynamic-island","status":"publish","type":"post","link":"https:\/\/www.europesays.com\/pt\/232853\/","title":{"rendered":"iPhone 18 Pro &#8211; Novo rumor confirma fim da Dynamic Island"},"content":{"rendered":"<p>Apesar de o lan\u00e7amento do iPhone 18 Pro ainda estar a v\u00e1rios meses de dist\u00e2ncia, come\u00e7aram a surgir novas informa\u00e7\u00f5es que ajudam a desenhar o que a Apple poder\u00e1 estar a preparar. Segundo uma fuga de informa\u00e7\u00e3o partilhada recentemente numa rede social chinesa, os pr\u00f3ximos\u00a0modelos Pro\u00a0dever\u00e3o manter as dimens\u00f5es de ecr\u00e3 j\u00e1 conhecidas. Isto \u00e9,\u00a0cerca de 6,3 polegadas\u00a0de ecr\u00e3\u00a0no iPhone 18 Pro,\u00a0e 6,9 polegadas na vers\u00e3o Pro Max.\u00a0<\/p>\n<p>Contudo, a\u00a0grande novidade estar\u00e1 na integra\u00e7\u00e3o do Face ID sob o pr\u00f3prio ecr\u00e3. Esta solu\u00e7\u00e3o permitiria eliminar o recorte em forma de c\u00e1psula\u00a0\u2013\u00a0chamada Dynamic\u00a0Island\u00a0\u2013\u00a0atualmente vis\u00edvel, abrindo caminho a um\u00a0design\u00a0mais limpo.\u00a0Teoricamente, relatos anteriores j\u00e1 tinham avan\u00e7ado\u00a0que a\u00a0c\u00e2mara\u00a0frontal poderia passar para um dos cantos\u00a0superiores\u00a0do painel, refor\u00e7ando a ideia de um ecr\u00e3 quase totalmente cont\u00ednuo.<\/p>\n<p><img decoding=\"async\" src=\"https:\/\/www.europesays.com\/pt\/wp-content\/uploads\/2026\/01\/IMG_4777-2.jpeg\" class=\"kg-image\" alt=\"\" loading=\"lazy\" width=\"2000\" height=\"1125\"  \/><\/p>\n<p>Ainda n\u00e3o \u00e9 claro se esta mudan\u00e7a significar\u00e1 o fim da Dynamic\u00a0Island\u00a0nos\u00a0modelos Pro. Mesmo com os sensores escondidos sob o ecr\u00e3, \u00e9 poss\u00edvel que a Apple mantenha este elemento de interface para notifica\u00e7\u00f5es e atividades em tempo real, ainda que de forma mais discreta.\u00a0Isto claro, recorrendo a\u00a0software\u00a0otimizado, tal como j\u00e1 estamos habituados por parte da empresa da ma\u00e7\u00e3.\u00a0<\/p>\n<p>Finalmente, no que diz respeito aos restantes modelos da gama, as expectativas apontam para que o iPhone 18 \u201cstandard\u201d e o iPhone Air 2 continuem a apostar na Dynamic\u00a0Island, com tamanhos de ecr\u00e3 semelhantes aos das gera\u00e7\u00f5es anteriores.\u00a0E claro, todos os equipamentos dever\u00e3o contar com pain\u00e9is LTPO de 120Hz, garantindo fluidez e efici\u00eancia energ\u00e9tica.\u00a0<\/p>\n<p>Como sempre acontece com este tipo de informa\u00e7\u00f5es,\u00a0at\u00e9 que algo seja efetivamente anunciado, ou que nos aproximemos da data de lan\u00e7amento, at\u00e9 ver,\u00a0tratam-se\u00a0de rumores que carecem de confirma\u00e7\u00e3o oficial.\u00a0Como sabes, a\u00a0apresenta\u00e7\u00e3o dos iPhone 18 Pro \u00e9 esperada para o habitual per\u00edodo de setembro, enquanto os modelos n\u00e3o\u2011Pro, desta vez,\u00a0poder\u00e3o chegar apenas no ano seguinte. Ou seja, 2027. Veremos.\u00a0<\/p>\n<p>    \ud83d\udcec Inscreve-te na newsletter<\/p>\n<p class=\"newsletter-box__info\">Recebe os nossos artigos mais relevantes diretamente no teu email.<\/p>\n<p>\n            Digitar email<\/p>\n<p>            Inscreve-te\n        <\/p>\n<p class=\"newsletter-box__message\" data-message=\"loading\">Processando a inscri\u00e7\u00e3o&#8230;<\/p>\n<p class=\"newsletter-box__message\" data-message=\"success\">Sucesso! Por favor, verifica a tua caixa de entrada e clica no link para confirmar a inscri\u00e7\u00e3o.<\/p>\n<p class=\"newsletter-box__message\" data-message=\"error\">Desculpa, algo deu errado. Por favor, tenta novamente.<\/p>\n","protected":false},"excerpt":{"rendered":"Apesar de o lan\u00e7amento do iPhone 18 Pro ainda estar a v\u00e1rios meses de dist\u00e2ncia, come\u00e7aram a surgir&hellip;\n","protected":false},"author":2,"featured_media":232854,"comment_status":"","ping_status":"","sticky":false,"template":"","format":"standard","meta":{"footnotes":""},"categories":[84],"tags":[109,107,108,32,33,105,103,104,106,110],"class_list":{"0":"post-232853","1":"post","2":"type-post","3":"status-publish","4":"format-standard","5":"has-post-thumbnail","7":"category-ciencia-e-tecnologia","8":"tag-ciencia","9":"tag-ciencia-e-tecnologia","10":"tag-cienciaetecnologia","11":"tag-portugal","12":"tag-pt","13":"tag-science","14":"tag-science-and-technology","15":"tag-scienceandtechnology","16":"tag-technology","17":"tag-tecnologia"},"share_on_mastodon":{"url":"https:\/\/pubeurope.com\/@pt\/115910832615281378","error":""},"_links":{"self":[{"href":"https:\/\/www.europesays.com\/pt\/wp-json\/wp\/v2\/posts\/232853","targetHints":{"allow":["GET"]}}],"collection":[{"href":"https:\/\/www.europesays.com\/pt\/wp-json\/wp\/v2\/posts"}],"about":[{"href":"https:\/\/www.europesays.com\/pt\/wp-json\/wp\/v2\/types\/post"}],"author":[{"embeddable":true,"href":"https:\/\/www.europesays.com\/pt\/wp-json\/wp\/v2\/users\/2"}],"replies":[{"embeddable":true,"href":"https:\/\/www.europesays.com\/pt\/wp-json\/wp\/v2\/comments?post=232853"}],"version-history":[{"count":0,"href":"https:\/\/www.europesays.com\/pt\/wp-json\/wp\/v2\/posts\/232853\/revisions"}],"wp:featuredmedia":[{"embeddable":true,"href":"https:\/\/www.europesays.com\/pt\/wp-json\/wp\/v2\/media\/232854"}],"wp:attachment":[{"href":"https:\/\/www.europesays.com\/pt\/wp-json\/wp\/v2\/media?parent=232853"}],"wp:term":[{"taxonomy":"category","embeddable":true,"href":"https:\/\/www.europesays.com\/pt\/wp-json\/wp\/v2\/categories?post=232853"},{"taxonomy":"post_tag","embeddable":true,"href":"https:\/\/www.europesays.com\/pt\/wp-json\/wp\/v2\/tags?post=232853"}],"curies":[{"name":"wp","href":"https:\/\/api.w.org\/{rel}","templated":true}]}}